{"id":962,"date":"2022-10-27T06:59:13","date_gmt":"2022-10-27T06:59:13","guid":{"rendered":"http:\/\/fata-verso.ro\/?p=962"},"modified":"2022-10-27T09:13:35","modified_gmt":"2022-10-27T09:13:35","slug":"vremea-concluziilor","status":"publish","type":"post","link":"https:\/\/fata-verso.ro\/index.php\/2022\/10\/27\/vremea-concluziilor\/","title":{"rendered":"Vremea concluziilor"},"content":{"rendered":"\n<p><strong>\u00cen finalul sezonului \u201eAdolescent \u00een fic\u021biune\u201d, e vremea concluziilor. Eticheta de \u201eliteratur\u0103 pentru adolescen\u021bi\u201d pe o carte este un reper \u0219i o unealt\u0103 pentru to\u021bi cei din jurul acesteia: cititori, educatori, scriitori \u0219i editori. Dup\u0103 temele \u0219i c\u0103r\u021bile discutate cu adolescen\u021bii, \u00eencep\u00e2nd din luna iunie \u0219i p\u00e2n\u0103 acum, \u00eencheiem cu un episod de podcast \u00een care invita\u021bi sunt profesioni\u0219ti ai pie\u021bei de carte \u0219i cu un articol \u00een care echipa proiectului relateaz\u0103 impresii \u0219i g\u00e2nduri despre literatura pentru adolescen\u021bi \u0219i experien\u021ba de lucru.<\/strong><\/p>\n\n\n\n<hr class=\"wp-block-separator\"\/>\n\n\n\n<p class=\"has-white-color has-text-color has-background\" style=\"background-color:#43aa58\"><strong>Asculta\u021bi episodul de podcast<\/strong><\/p>\n\n\n\n<figure class=\"wp-block-audio\"><audio controls src=\"http:\/\/fata-verso.ro\/wp-content\/uploads\/2022\/10\/Fata_verso_S06_EP-10_ONLINE.mp3\"><\/audio><figcaption>Vremea concluziilor<\/figcaption><\/figure>\n\n\n\n<h2>Literatura pentru adolescen\u021bi \u2014 puncte-puncte de vedere<\/h2>\n\n\n\n<h6><strong>Literatura pentru adolescen\u021bi, o cale de intrare \u00een lumea adult\u0103?<\/strong><\/h6>\n\n\n\n<p>de Claudiu Sfirschi-L\u0103udat<\/p>\n\n\n\n<h6><strong>Literatura pentru adolescen\u021bi \u2013 o chestiune de etichet\u0103<\/strong><\/h6>\n\n\n\n<p>de Simina Popa<\/p>\n\n\n\n<div class=\"wp-block-buttons\">\n<div class=\"wp-block-button\"><a class=\"wp-block-button__link has-luminous-vivid-amber-to-luminous-vivid-orange-gradient-background has-background\" href=\"http:\/\/fata-verso.ro\/index.php\/literatura-pentru-adolescenti-puncte-puncte-de-vedere\/\" target=\"_blank\" rel=\"noreferrer noopener\">Citi\u021bi articolul<\/a><\/div>\n<\/div>\n\n\n\n<hr class=\"wp-block-separator\"\/>\n\n\n\n<p>\u00cen episodul de podcast <em>Vremea concluziilor<\/em>, am stat de vorb\u0103 cu:<\/p>\n\n\n\n<p><strong>C\u0103t\u0103lina Nicolau<\/strong> \u2014 director executiv la <a href=\"https:\/\/nemira.ro\/colectii\/young-adult\" target=\"_blank\" rel=\"noreferrer noopener\">Editura Nemira<\/a><\/p>\n\n\n\n<p><strong><a rel=\"noreferrer noopener\" href=\"http:\/\/fata-verso.ro\/index.php\/2022\/08\/18\/adolescent-in-trecut\/\" target=\"_blank\">Radu B\u0103ie\u0219u<\/a><\/strong> \u2014 muzeograf \u0219i redactor la <a href=\"https:\/\/mnlr.ro\/\" target=\"_blank\" rel=\"noreferrer noopener\">Muzeul Na\u021bional al Literaturii Rom\u00e2ne<\/a> din Bucure\u0219ti<\/p>\n\n\n\n<p><strong><a href=\"http:\/\/fata-verso.ro\/index.php\/2022\/09\/01\/adolescent-in-repovestiri\/\" target=\"_blank\" rel=\"noreferrer noopener\">Corina Anton<\/a><\/strong> \u2014 italienist\u0103, scriitoare, traduc\u0103toare<\/p>\n\n\n\n<p><strong><a rel=\"noreferrer noopener\" href=\"http:\/\/fata-verso.ro\/index.php\/2022\/07\/20\/adolescent-in-fantasy\/\" target=\"_blank\">Iulia Dromereschi<\/a><\/strong> \u2014 traduc\u0103toare literar\u0103 \u0219i fondatoarea <a href=\"https:\/\/mhub.aiviong.ro\/\" target=\"_blank\" rel=\"noreferrer noopener\">Asocia\u021biei AIVI<\/a><\/p>\n\n\n\n<p><strong><a rel=\"noreferrer noopener\" href=\"http:\/\/fata-verso.ro\/index.php\/2022\/10\/13\/adolescent-in-festivalya\/\" target=\"_blank\">M\u0103riuca Munteanu<\/a><\/strong> \u2014 librar <a href=\"https:\/\/carturesti.ro\/\" target=\"_blank\" rel=\"noreferrer noopener\">C\u0103rture\u0219ti<\/a><\/p>\n\n\n\n<p><strong><a href=\"http:\/\/fata-verso.ro\/index.php\/2022\/10\/13\/adolescent-in-festivalya\/\" target=\"_blank\" rel=\"noreferrer noopener\">Diana Petru\u021b<\/a><\/strong> \u2014 PR la Libr\u0103riile C\u0103rture\u0219ti<\/p>\n\n\n\n<p><strong>Radu Pavel<\/strong> \u2014 achizitor la Libr\u0103riile C\u0103rture\u0219ti<\/p>\n\n\n\n<p><strong>Dan Pavelescu<\/strong> \u2014 redactor-\u0219ef \u0219i traduc\u0103tor la <a href=\"https:\/\/www.editura-paladin.ro\/\" target=\"_blank\" rel=\"noreferrer noopener\">Editura Paladin<\/a><\/p>\n\n\n\n<p><strong>Loredana Voicil\u0103<\/strong> \u2014 <a href=\"https:\/\/www.artlit.ro\/catalog\/m\/45\" target=\"_blank\" rel=\"noreferrer noopener\">traduc\u0103toare literar\u0103<\/a> din limba englez\u0103<\/p>\n\n\n\n<p><strong><a href=\"http:\/\/fata-verso.ro\/index.php\/2022\/09\/15\/scriitor-in-lumea-adolescenilor\/\" target=\"_blank\" rel=\"noreferrer noopener\">Adina Popescu<\/a><\/strong> \u2014 scriitoare<\/p>\n\n\n\n<hr class=\"wp-block-separator\"\/>\n\n\n\n<p>Ilustra\u021bia sonor\u0103 a acestui episod de podcast a fost realizat\u0103 cu ajutorul b\u0103ncii de sunete\u00a0<a rel=\"noreferrer noopener\" href=\"https:\/\/freesound.org\/s\/505259\/\" target=\"_blank\">freesound.org<\/a>.<\/p>\n","protected":false},"excerpt":{"rendered":"<p>\u00cen finalul sezonului \u201eAdolescent \u00een fic\u021biune\u201d, e vremea concluziilor. Eticheta de \u201eliteratur\u0103 pentru adolescen\u021bi\u201d pe o carte este un reper \u0219i o unealt\u0103 pentru to\u021bi &hellip; <span class=\"read-more-link\"><a class=\"read-more\" href=\"https:\/\/fata-verso.ro\/index.php\/2022\/10\/27\/vremea-concluziilor\/\">Read More &rsaquo;<\/a><\/span><\/p>\n","protected":false},"author":2,"featured_media":589,"comment_status":"open","ping_status":"open","sticky":false,"template":"","format":"standard","meta":{"_mi_skip_tracking":false},"categories":[17],"tags":[],"_links":{"self":[{"href":"https:\/\/fata-verso.ro\/index.php\/wp-json\/wp\/v2\/posts\/962"}],"collection":[{"href":"https:\/\/fata-verso.ro\/index.php\/wp-json\/wp\/v2\/posts"}],"about":[{"href":"https:\/\/fata-verso.ro\/index.php\/wp-json\/wp\/v2\/types\/post"}],"author":[{"embeddable":true,"href":"https:\/\/fata-verso.ro\/index.php\/wp-json\/wp\/v2\/users\/2"}],"replies":[{"embeddable":true,"href":"https:\/\/fata-verso.ro\/index.php\/wp-json\/wp\/v2\/comments?post=962"}],"version-history":[{"count":14,"href":"https:\/\/fata-verso.ro\/index.php\/wp-json\/wp\/v2\/posts\/962\/revisions"}],"predecessor-version":[{"id":982,"href":"https:\/\/fata-verso.ro\/index.php\/wp-json\/wp\/v2\/posts\/962\/revisions\/982"}],"wp:featuredmedia":[{"embeddable":true,"href":"https:\/\/fata-verso.ro\/index.php\/wp-json\/wp\/v2\/media\/589"}],"wp:attachment":[{"href":"https:\/\/fata-verso.ro\/index.php\/wp-json\/wp\/v2\/media?parent=962"}],"wp:term":[{"taxonomy":"category","embeddable":true,"href":"https:\/\/fata-verso.ro\/index.php\/wp-json\/wp\/v2\/categories?post=962"},{"taxonomy":"post_tag","embeddable":true,"href":"https:\/\/fata-verso.ro\/index.php\/wp-json\/wp\/v2\/tags?post=962"}],"curies":[{"name":"wp","href":"https:\/\/api.w.org\/{rel}","templated":true}]}}