{"id":635,"date":"2022-06-30T07:31:14","date_gmt":"2022-06-30T07:31:14","guid":{"rendered":"http:\/\/fata-verso.ro\/?p=635"},"modified":"2022-07-15T07:26:19","modified_gmt":"2022-07-15T07:26:19","slug":"adolescent-in-carturesti","status":"publish","type":"post","link":"https:\/\/fata-verso.ro\/index.php\/2022\/06\/30\/adolescent-in-carturesti\/","title":{"rendered":"Adolescent \u00een C\u0103rture\u0219ti"},"content":{"rendered":"\n<p>Joi, 24 iunie 2022, echipa <strong>Fa\u021b\u0103\/Verso<\/strong> a lansat proiectul <strong>\u201eAdolescent \u00een fic\u021biune\u201d<\/strong> \u00een noua zon\u0103 magic\u0103 dedicat\u0103 adolescen\u021bilor din Libr\u0103ria C\u0103rture\u0219ti B\u0103neasa:&nbsp;<strong>C\u0103rture\u0219ti Fandom<\/strong>.. Cu acest prilej, i-am invitat la microfon pe adolescen\u021bii care au c\u0103lcat pragul libr\u0103riei \u0219i le-am pus fel de fel de \u00eentreb\u0103ri. Cum altfel s\u0103 iei pulsul adolescen\u021biei?! A ie\u0219it un episod tare simpatic. Ca s\u0103 v\u0103 convinge\u021bi, da\u021bi pur \u0219i simplu <strong>play<\/strong>.<\/p>\n\n\n\n<figure class=\"wp-block-audio\"><audio controls src=\"http:\/\/fata-verso.ro\/wp-content\/uploads\/2022\/06\/Fata_verso_S03_EP-Carturesti-Baneasa.mp3\"><\/audio><figcaption>Adolescent \u00een C\u0103rture\u0219ti<\/figcaption><\/figure>\n\n\n\n<div class=\"wp-block-image\"><figure class=\"aligncenter size-large is-resized\"><img loading=\"lazy\" src=\"http:\/\/fata-verso.ro\/wp-content\/uploads\/2022\/06\/7.jpg\" alt=\"\" class=\"wp-image-638\" width=\"450\" height=\"598\"\/><\/figure><\/div>\n\n\n\n<figure class=\"wp-block-image size-large\"><img loading=\"lazy\" width=\"1024\" height=\"768\" src=\"http:\/\/fata-verso.ro\/wp-content\/uploads\/2022\/06\/11.jpg\" alt=\"\" class=\"wp-image-641\" srcset=\"https:\/\/fata-verso.ro\/wp-content\/uploads\/2022\/06\/11.jpg 1024w, https:\/\/fata-verso.ro\/wp-content\/uploads\/2022\/06\/11-300x225.jpg 300w, https:\/\/fata-verso.ro\/wp-content\/uploads\/2022\/06\/11-768x576.jpg 768w\" sizes=\"(max-width: 1024px) 100vw, 1024px\" \/><\/figure>\n\n\n\n<figure class=\"wp-block-image size-large\"><img loading=\"lazy\" width=\"1024\" height=\"768\" src=\"http:\/\/fata-verso.ro\/wp-content\/uploads\/2022\/06\/15.jpg\" alt=\"\" class=\"wp-image-640\" srcset=\"https:\/\/fata-verso.ro\/wp-content\/uploads\/2022\/06\/15.jpg 1024w, https:\/\/fata-verso.ro\/wp-content\/uploads\/2022\/06\/15-300x225.jpg 300w, https:\/\/fata-verso.ro\/wp-content\/uploads\/2022\/06\/15-768x576.jpg 768w\" sizes=\"(max-width: 1024px) 100vw, 1024px\" \/><\/figure>\n\n\n\n<figure class=\"wp-block-image size-large\"><img loading=\"lazy\" width=\"1024\" height=\"768\" src=\"http:\/\/fata-verso.ro\/wp-content\/uploads\/2022\/06\/17.jpeg\" alt=\"\" class=\"wp-image-642\" srcset=\"https:\/\/fata-verso.ro\/wp-content\/uploads\/2022\/06\/17.jpeg 1024w, https:\/\/fata-verso.ro\/wp-content\/uploads\/2022\/06\/17-300x225.jpeg 300w, https:\/\/fata-verso.ro\/wp-content\/uploads\/2022\/06\/17-768x576.jpeg 768w\" sizes=\"(max-width: 1024px) 100vw, 1024px\" \/><\/figure>\n\n\n\n<p><\/p>\n","protected":false},"excerpt":{"rendered":"<p>Joi, 24 iunie 2022, echipa Fa\u021b\u0103\/Verso a lansat proiectul \u201eAdolescent \u00een fic\u021biune\u201d \u00een noua zon\u0103 magic\u0103 dedicat\u0103 adolescen\u021bilor din Libr\u0103ria C\u0103rture\u0219ti B\u0103neasa:&nbsp;C\u0103rture\u0219ti Fandom.. Cu acest &hellip; <span class=\"read-more-link\"><a class=\"read-more\" href=\"https:\/\/fata-verso.ro\/index.php\/2022\/06\/30\/adolescent-in-carturesti\/\">Read More &rsaquo;<\/a><\/span><\/p>\n","protected":false},"author":2,"featured_media":589,"comment_status":"open","ping_status":"open","sticky":false,"template":"","format":"standard","meta":{"_mi_skip_tracking":false},"categories":[17],"tags":[],"_links":{"self":[{"href":"https:\/\/fata-verso.ro\/index.php\/wp-json\/wp\/v2\/posts\/635"}],"collection":[{"href":"https:\/\/fata-verso.ro\/index.php\/wp-json\/wp\/v2\/posts"}],"about":[{"href":"https:\/\/fata-verso.ro\/index.php\/wp-json\/wp\/v2\/types\/post"}],"author":[{"embeddable":true,"href":"https:\/\/fata-verso.ro\/index.php\/wp-json\/wp\/v2\/users\/2"}],"replies":[{"embeddable":true,"href":"https:\/\/fata-verso.ro\/index.php\/wp-json\/wp\/v2\/comments?post=635"}],"version-history":[{"count":3,"href":"https:\/\/fata-verso.ro\/index.php\/wp-json\/wp\/v2\/posts\/635\/revisions"}],"predecessor-version":[{"id":698,"href":"https:\/\/fata-verso.ro\/index.php\/wp-json\/wp\/v2\/posts\/635\/revisions\/698"}],"wp:featuredmedia":[{"embeddable":true,"href":"https:\/\/fata-verso.ro\/index.php\/wp-json\/wp\/v2\/media\/589"}],"wp:attachment":[{"href":"https:\/\/fata-verso.ro\/index.php\/wp-json\/wp\/v2\/media?parent=635"}],"wp:term":[{"taxonomy":"category","embeddable":true,"href":"https:\/\/fata-verso.ro\/index.php\/wp-json\/wp\/v2\/categories?post=635"},{"taxonomy":"post_tag","embeddable":true,"href":"https:\/\/fata-verso.ro\/index.php\/wp-json\/wp\/v2\/tags?post=635"}],"curies":[{"name":"wp","href":"https:\/\/api.w.org\/{rel}","templated":true}]}}