{"id":579,"date":"2022-04-27T11:22:25","date_gmt":"2022-04-27T11:22:25","guid":{"rendered":"http:\/\/fata-verso.ro\/?p=579"},"modified":"2022-06-22T14:02:14","modified_gmt":"2022-06-22T14:02:14","slug":"adolescent-in-fictiune","status":"publish","type":"post","link":"https:\/\/fata-verso.ro\/index.php\/2022\/04\/27\/adolescent-in-fictiune\/","title":{"rendered":"Adolescent \u00een fic\u021biune"},"content":{"rendered":"\n<p>\u00cen data de 23 iunie, Fa\u021b\u0103\/Verso, podcastul cu cititori binedispu\u0219i, revine cu un proiect nou, intitulat \u201eAdolescent \u00een fic\u021biune\u201d. Zece teme alese pe spr\u00e2ncean\u0103, din c\u0103r\u021bi fel de fel, vor fi discutate \u00een tot at\u00e2tea episoade de podcast difuzate bilunar \u0219i ilustrate de texte scrise de adolescen\u021bi. Proiectul beneficiaz\u0103 de sprijinul AFCN \u0219i este dezvoltat \u00een parteneriat cu Libr\u0103riile C\u0103rture\u0219ti, Muzeul Na\u021bional al Literaturii Rom\u00e2ne \u0219i Institutul Polonez din Bucure\u0219ti.<\/p>\n\n\n\n<p><br>Literatura special scris\u0103 pentru adolescen\u021bi constituie un gen ap\u0103rut recent, importat din literatura anglofon\u0103, care face o punte \u00eentre c\u0103r\u021bile copil\u0103riei \u0219i cele de fic\u021biune adult\u0103. \u201eAdolescent \u00een fic\u021biune\u201d dore\u0219te s\u0103 ia pulsul acestui public-\u021bint\u0103, \u00eentreb\u00e2ndu-i direct pe participan\u021bi ce le place s\u0103 citeasc\u0103, de ce ar avea mai mult\u0103 nevoie \u0219i ce p\u0103rere au despre scriitori \u0219i literatur\u0103. At\u00e2t prin sec\u021biunea audio, c\u00e2t \u0219i prin cea scris\u0103, ne dorim s\u0103 \u00eemprietenim obiceiuri vechi cu cititori noi, \u00eentruc\u00e2t digitalul \u0219i c\u0103r\u021bile nu sunt lumi diferite, ci se pot \u00eent\u00e2lni \u0219i ajuta reciproc.<\/p>\n\n\n\n<p><br>Gazdele podcastului sunt, ca \u0219i p\u00e2n\u0103 acum, Simina Popa \u0219i Claudiu Sfirschi-L\u0103udat, iar invita\u021bii lor vor fi adolescen\u021bii, al\u0103turi de care vor sta \u0219i scriitori, profesori sau editori, vor fi dezb\u0103tute \u0219i pe fa\u021b\u0103, \u0219i pe verso temele din categoria \u201eliteratur\u0103 pentru adolescen\u021bi\u201d (segmentul de v\u00e2rst\u0103 14-18 ani). Printre titlurile selectate se afl\u0103 \u201eSocrate \u00een blugi\u201d de Lauren\u021biu Staicu, \u201eDante, Divina Comedie povestit\u0103 pentru copii\u201d de Corina Anton, \u201eLeac pentru o lume banal\u0103\u201d de Christian McKay Heidicker \u0219i \u201eVraja corbilor\u201d de Margaret Rogerson.<\/p>\n\n\n\n<p><br>Tot \u00een cadrul proiectului vor fi realizate zece materiale scrise (eseu, interviu, jurnal, poezie, editorial etc.), nou\u0103 dintre ele elaborate chiar de adolescen\u021bii invita\u021bi la dialog \u00een cadrul podcasturilor, iar unul semnat de echipa proiectului, ca studiu de caz. Participan\u021bii vor avea ocazia s\u0103 lucreze textele sub \u00eendrumarea scriitoarei Adina Popescu. Textele finale vor fi publicate pe site-ul Fa\u021b\u0103\/Verso.<\/p>\n\n\n\n<p>Echipa sezonului 6:<br>Simina Popa \u0219i Claudiu Sfirschi-L\u0103udat \u2013 gazdele \u0219i realizatorii emisiunii<br>Tudori\u021ba \u0218old\u0103nescu \u2013 manager de proiect<br>Paula Varga \u2013 responsabil de promovare \u0219i comunicare<br>Andrei Nechifor \u2013 editor de sunet<\/p>\n\n\n\n<p>Organizator: FA\u021a\u0102\/VERSO, prin ZETO PROJECT SRL<br>Co-finan\u021bat de: Administra\u021bia Fondului Cultural Na\u021bional (AFCN)<br>Parteneri: Libr\u0103riile C\u0103rture\u0219ti, Institutul Polonez din Bucure\u0219ti, Muzeul Na\u021bional al Literaturii Rom\u00e2ne<\/p>\n\n\n\n<p>Proiectul nu reprezint\u0103 \u00een mod necesar pozi\u021bia Administra\u021biei Fondului Cultural Na\u021bional. AFCN nu este responsabil\u0103 de con\u021binutul proiectului sau de modul \u00een care rezultatele proiectului pot fi folosite. Acestea sunt \u00een \u00eentregime responsabilitatea beneficiarului finan\u021b\u0103rii.<\/p>\n","protected":false},"excerpt":{"rendered":"<p>\u00cen data de 23 iunie, Fa\u021b\u0103\/Verso, podcastul cu cititori binedispu\u0219i, revine cu un proiect nou, intitulat \u201eAdolescent \u00een fic\u021biune\u201d. Zece teme alese pe spr\u00e2ncean\u0103, din &hellip; <span class=\"read-more-link\"><a class=\"read-more\" href=\"https:\/\/fata-verso.ro\/index.php\/2022\/04\/27\/adolescent-in-fictiune\/\">Read More &rsaquo;<\/a><\/span><\/p>\n","protected":false},"author":2,"featured_media":589,"comment_status":"open","ping_status":"open","sticky":false,"template":"","format":"standard","meta":{"_mi_skip_tracking":false},"categories":[17],"tags":[],"_links":{"self":[{"href":"https:\/\/fata-verso.ro\/index.php\/wp-json\/wp\/v2\/posts\/579"}],"collection":[{"href":"https:\/\/fata-verso.ro\/index.php\/wp-json\/wp\/v2\/posts"}],"about":[{"href":"https:\/\/fata-verso.ro\/index.php\/wp-json\/wp\/v2\/types\/post"}],"author":[{"embeddable":true,"href":"https:\/\/fata-verso.ro\/index.php\/wp-json\/wp\/v2\/users\/2"}],"replies":[{"embeddable":true,"href":"https:\/\/fata-verso.ro\/index.php\/wp-json\/wp\/v2\/comments?post=579"}],"version-history":[{"count":9,"href":"https:\/\/fata-verso.ro\/index.php\/wp-json\/wp\/v2\/posts\/579\/revisions"}],"predecessor-version":[{"id":615,"href":"https:\/\/fata-verso.ro\/index.php\/wp-json\/wp\/v2\/posts\/579\/revisions\/615"}],"wp:featuredmedia":[{"embeddable":true,"href":"https:\/\/fata-verso.ro\/index.php\/wp-json\/wp\/v2\/media\/589"}],"wp:attachment":[{"href":"https:\/\/fata-verso.ro\/index.php\/wp-json\/wp\/v2\/media?parent=579"}],"wp:term":[{"taxonomy":"category","embeddable":true,"href":"https:\/\/fata-verso.ro\/index.php\/wp-json\/wp\/v2\/categories?post=579"},{"taxonomy":"post_tag","embeddable":true,"href":"https:\/\/fata-verso.ro\/index.php\/wp-json\/wp\/v2\/tags?post=579"}],"curies":[{"name":"wp","href":"https:\/\/api.w.org\/{rel}","templated":true}]}}