{"id":442,"date":"2021-04-22T06:09:09","date_gmt":"2021-04-22T06:09:09","guid":{"rendered":"http:\/\/fata-verso.ro\/?p=442"},"modified":"2021-04-22T06:09:10","modified_gmt":"2021-04-22T06:09:10","slug":"grecia-revolutie-si-revolutii-despre-moda-cu-catalin-d-constantin","status":"publish","type":"post","link":"https:\/\/fata-verso.ro\/index.php\/2021\/04\/22\/grecia-revolutie-si-revolutii-despre-moda-cu-catalin-d-constantin\/","title":{"rendered":"Grecia, revolu\u021bie \u0219i revolu\u021bii: despre mod\u0103, cu C\u0103t\u0103lin D. Constantin"},"content":{"rendered":"\n<p><strong>Ce mod mai bun de a face clar\u0103 o revolu\u021bie dec\u00e2t prin felul \u00een care ne \u00eembr\u0103c\u0103m? Ne ghideaz\u0103 prin declara\u021biile f\u0103\u021bi\u0219e ale modei balcanice de pe la 1800 p\u00e2n\u0103 la stilurile care ne ascund azi C\u0103t\u0103lin D. Constantin, antropologul care le d\u0103 tem\u0103 studen\u021bilor s\u0103 r\u0103scoleasc\u0103 \u0219ifonierele p\u0103rin\u021bilor \u0219i care ne poveste\u0219te despre identit\u0103\u021bi, culori \u0219i timp pierdut.<\/strong><\/p>\n\n\n\n<figure class=\"wp-block-audio\"><audio controls src=\"http:\/\/fata-verso.ro\/wp-content\/uploads\/2021\/04\/3_Grecia-Revolutii_Catalin-Constantin.mp3\"><\/audio><\/figure>\n\n\n\n<figure class=\"wp-block-image size-large is-style-default\"><img src=\"http:\/\/fata-verso.ro\/wp-content\/uploads\/2021\/04\/IMG_7488.jpg\" alt=\"\" class=\"wp-image-444\"\/><\/figure>\n\n\n\n<p>C\u0102T\u0102LIN D. CONSTANTIN este editor de carte \u0219i antropolog. Pred\u0103 cursuri de antropologie la Facultatea de Litere a Universit\u0103\u021bii din Bucure\u0219ti. A coordonat mai multe colec\u021bii de beletristic\u0103 \u0219i a editat numeroase volume de fotografie dedicate patrimoniului cultural rom\u00e2nesc. \u00cen 2018,&nbsp;a&nbsp;primit diploma de onoare din partea Asocia\u021biei Culturale Macedorom\u00e2ne \u0219i&nbsp;Medalia de Onoare din partea KulturForum Europa.&nbsp;A avut expozi\u021bii de autor \u00een Rom\u00e2nia, Spania, Turcia, Bulgaria, Azerbaidjan, Georgia, Polonia, Grecia, Irlanda, Italia.&nbsp;<\/p>\n\n\n\n<p>_______________<\/p>\n\n\n\n<p>Acest episod face parte din sezonul \u201eGrecia: revolu\u021bie \u0219i revolu\u021bii\u201d, dedicat anivers\u0103rii a 200 de ani de la Revolu\u021bia de Independen\u021b\u0103 din Grecia, din 1821.<\/p>\n\n\n\n<p>Sezonul este realizat de c\u0103tre Funda\u021bia Cultural\u0103 Greac\u0103 \u0219i Fa\u021b\u0103\/Verso, cu sprijinul Libr\u0103riilor C\u0103rture\u0219ti.<\/p>\n\n\n\n<p>Gazdele \u0219i realizatorii podcastului sunt Simina Popa \u0219i Claudiu Sfirschi-L\u0103udat.<\/p>\n\n\n\n<p>_______________<\/p>\n\n\n\n<p>Melodiile genericelor sunt preluate de pe site-urile freemusicarchive.org \u0219i freesound.org.<\/p>\n","protected":false},"excerpt":{"rendered":"<p>Ce mod mai bun de a face clar\u0103 o revolu\u021bie dec\u00e2t prin felul \u00een care ne \u00eembr\u0103c\u0103m? Ne ghideaz\u0103 prin declara\u021biile f\u0103\u021bi\u0219e ale modei balcanice &hellip; <span class=\"read-more-link\"><a class=\"read-more\" href=\"https:\/\/fata-verso.ro\/index.php\/2021\/04\/22\/grecia-revolutie-si-revolutii-despre-moda-cu-catalin-d-constantin\/\">Read More &rsaquo;<\/a><\/span><\/p>\n","protected":false},"author":2,"featured_media":439,"comment_status":"open","ping_status":"open","sticky":false,"template":"","format":"standard","meta":{"_mi_skip_tracking":false},"categories":[8],"tags":[11,10,12],"_links":{"self":[{"href":"https:\/\/fata-verso.ro\/index.php\/wp-json\/wp\/v2\/posts\/442"}],"collection":[{"href":"https:\/\/fata-verso.ro\/index.php\/wp-json\/wp\/v2\/posts"}],"about":[{"href":"https:\/\/fata-verso.ro\/index.php\/wp-json\/wp\/v2\/types\/post"}],"author":[{"embeddable":true,"href":"https:\/\/fata-verso.ro\/index.php\/wp-json\/wp\/v2\/users\/2"}],"replies":[{"embeddable":true,"href":"https:\/\/fata-verso.ro\/index.php\/wp-json\/wp\/v2\/comments?post=442"}],"version-history":[{"count":1,"href":"https:\/\/fata-verso.ro\/index.php\/wp-json\/wp\/v2\/posts\/442\/revisions"}],"predecessor-version":[{"id":446,"href":"https:\/\/fata-verso.ro\/index.php\/wp-json\/wp\/v2\/posts\/442\/revisions\/446"}],"wp:featuredmedia":[{"embeddable":true,"href":"https:\/\/fata-verso.ro\/index.php\/wp-json\/wp\/v2\/media\/439"}],"wp:attachment":[{"href":"https:\/\/fata-verso.ro\/index.php\/wp-json\/wp\/v2\/media?parent=442"}],"wp:term":[{"taxonomy":"category","embeddable":true,"href":"https:\/\/fata-verso.ro\/index.php\/wp-json\/wp\/v2\/categories?post=442"},{"taxonomy":"post_tag","embeddable":true,"href":"https:\/\/fata-verso.ro\/index.php\/wp-json\/wp\/v2\/tags?post=442"}],"curies":[{"name":"wp","href":"https:\/\/api.w.org\/{rel}","templated":true}]}}