{"id":406,"date":"2021-03-25T09:00:18","date_gmt":"2021-03-25T09:00:18","guid":{"rendered":"http:\/\/fata-verso.ro\/?p=406"},"modified":"2021-04-08T06:19:21","modified_gmt":"2021-04-08T06:19:21","slug":"grecia-revolutie-si-revolutii-despre-muzica-cu-simion-bogdan-mihai","status":"publish","type":"post","link":"https:\/\/fata-verso.ro\/index.php\/2021\/03\/25\/grecia-revolutie-si-revolutii-despre-muzica-cu-simion-bogdan-mihai\/","title":{"rendered":"Grecia, revolu\u021bie \u0219i revolu\u021bii: despre muzic\u0103, cu Simion Bogdan Mihai"},"content":{"rendered":"\n<p><strong>Muzica d\u0103 tonul discu\u021biei cu Simion Bogdan-Mihai, cu care discut\u0103m despre cum c\u0103l\u0103toresc influen\u021bele muzicale \u00eencep\u00e2nd din vremurile Greciei revolu\u021bionare, despre versuri pe post de buletin de \u0219tiri, instrumente cu burtic\u0103 \u0219i cine a scris \u201eMo\u0219 Cr\u0103ciun cu plete dalbe\u201d.<\/strong><\/p>\n\n\n\n<figure class=\"wp-block-audio\"><audio controls src=\"http:\/\/fata-verso.ro\/wp-content\/uploads\/2021\/03\/1_Grecia-Revolutii_Simion-Bogdan-Mihai.mp3\"><\/audio><\/figure>\n\n\n\n<figure class=\"wp-block-image size-large\"><img src=\"http:\/\/fata-verso.ro\/wp-content\/uploads\/2021\/03\/Foto.jpeg\" alt=\"\" class=\"wp-image-407\"\/><\/figure>\n\n\n\n<p>Simion Bogdan-Mihai este solist vocal, cobzar, doctor \u00een Litere, pasionat de folclor \u015fi, ocazional, scriitor. A cules muzic\u0103 de la sute de l\u0103utari b\u0103tr\u00e2ni, a cutreierat prin sate \u015fi a \u00eenv\u0103\u0163at muzici \u0163\u0103r\u0103ne\u0219ti chiar \u00een locurile \u00een care oamenii le-au n\u0103scut. Bogdan Mihai Simion este unul dintre ultimii cobzari din Rom\u00e2nia. El este \u0219i realizatorul emisiunii \u201eMuzic\u0103 despre cine suntem\u201d de la Radio Guerrilla.<\/p>\n\n\n\n<p class=\"has-text-align-center\">*<\/p>\n\n\n\n<p>Acest episod face parte din sezonul \u201eGrecia: revolu\u021bie \u0219i revolu\u021bii\u201d, dedicat anivers\u0103rii a 200 de ani de la Revolu\u021bia de Independen\u021b\u0103 din Grecia, din 1821.<\/p>\n\n\n\n<p>Sezonul este realizat de c\u0103tre Funda\u021bia Cultural\u0103 Greac\u0103 \u0219i Fa\u021b\u0103\/Verso, cu sprijinul Libr\u0103riilor C\u0103rture\u0219ti.<\/p>\n\n\n\n<p>Gazdele \u0219i realizatorii podcastului sunt Simina Popa \u0219i Claudiu Sfirschi-L\u0103udat.<\/p>\n","protected":false},"excerpt":{"rendered":"<p>Muzica d\u0103 tonul discu\u021biei cu Simion Bogdan-Mihai, cu care discut\u0103m despre cum c\u0103l\u0103toresc influen\u021bele muzicale \u00eencep\u00e2nd din vremurile Greciei revolu\u021bionare, despre versuri pe post de &hellip; <span class=\"read-more-link\"><a class=\"read-more\" href=\"https:\/\/fata-verso.ro\/index.php\/2021\/03\/25\/grecia-revolutie-si-revolutii-despre-muzica-cu-simion-bogdan-mihai\/\">Read More &rsaquo;<\/a><\/span><\/p>\n","protected":false},"author":2,"featured_media":439,"comment_status":"open","ping_status":"open","sticky":false,"template":"","format":"standard","meta":{"_mi_skip_tracking":false},"categories":[8],"tags":[11,10],"_links":{"self":[{"href":"https:\/\/fata-verso.ro\/index.php\/wp-json\/wp\/v2\/posts\/406"}],"collection":[{"href":"https:\/\/fata-verso.ro\/index.php\/wp-json\/wp\/v2\/posts"}],"about":[{"href":"https:\/\/fata-verso.ro\/index.php\/wp-json\/wp\/v2\/types\/post"}],"author":[{"embeddable":true,"href":"https:\/\/fata-verso.ro\/index.php\/wp-json\/wp\/v2\/users\/2"}],"replies":[{"embeddable":true,"href":"https:\/\/fata-verso.ro\/index.php\/wp-json\/wp\/v2\/comments?post=406"}],"version-history":[{"count":5,"href":"https:\/\/fata-verso.ro\/index.php\/wp-json\/wp\/v2\/posts\/406\/revisions"}],"predecessor-version":[{"id":423,"href":"https:\/\/fata-verso.ro\/index.php\/wp-json\/wp\/v2\/posts\/406\/revisions\/423"}],"wp:featuredmedia":[{"embeddable":true,"href":"https:\/\/fata-verso.ro\/index.php\/wp-json\/wp\/v2\/media\/439"}],"wp:attachment":[{"href":"https:\/\/fata-verso.ro\/index.php\/wp-json\/wp\/v2\/media?parent=406"}],"wp:term":[{"taxonomy":"category","embeddable":true,"href":"https:\/\/fata-verso.ro\/index.php\/wp-json\/wp\/v2\/categories?post=406"},{"taxonomy":"post_tag","embeddable":true,"href":"https:\/\/fata-verso.ro\/index.php\/wp-json\/wp\/v2\/tags?post=406"}],"curies":[{"name":"wp","href":"https:\/\/api.w.org\/{rel}","templated":true}]}}