{"id":391,"date":"2021-03-22T09:35:35","date_gmt":"2021-03-22T09:35:35","guid":{"rendered":"http:\/\/fata-verso.ro\/?p=391"},"modified":"2021-03-22T10:17:54","modified_gmt":"2021-03-22T10:17:54","slug":"sezonul-4-grecia","status":"publish","type":"post","link":"https:\/\/fata-verso.ro\/index.php\/2021\/03\/22\/sezonul-4-grecia\/","title":{"rendered":"Funda\u021bia Cultural\u0103 Greac\u0103 \u0219i Fa\u021b\u0103\/Verso v\u0103 prezint\u0103 podcastul: \u201eGr\u03b5ci\u03b1: R\u03b5volu\u021bi\u03b5 \u0219i r\u03b5volu\u021bii\u201d"},"content":{"rendered":"\n<p>Vine vacan\u021ba, dar de data asta nu cu trenul, ci mai simplu: cu podcastul despre Grecia!<\/p>\n\n\n\n<p>Funda\u021bia Cultural\u0103 Greac\u0103, \u00eempreun\u0103 cu Fa\u021b\u0103\/Verso, podcastul cu cititori binedispu\u0219i, cheam\u0103 la lupt\u0103\u2026 nu, doar la ascultat episoadele sezonului \u201eGrecia: Revolu\u021bie \u0219i revolu\u021bii\u201d, inspirat de anul festiv 2021 pentru Grecia, \u00een care se s\u0103rb\u0103toresc 200 de ani de independen\u021b\u0103.<\/p>\n\n\n\n<p>La aceast\u0103 petrecere de aniversare sunt invita\u021bi s\u0103 ne povesteasc\u0103 vrute \u0219i \u0219tiute cei apropia\u021bi \u0219i inspira\u021bi de muzica Greciei, de obiceiurile \u0219i ve\u0219mintele locuitorilor, de istoria \u021b\u0103rii, de literatura \u0219i de personajele ei.<\/p>\n\n\n\n<p>O revolu\u021bie atrage dup\u0103 sine \u0219i alte revolu\u021bii, dorin\u021be de schimbare \u0219i idei constructive \u2014 de aceea, arunc\u0103m o privire spre mersul lucrurilor \u00een Grecia pornind de la Revolu\u021bia de la 1821, p\u0103str\u00e2nd \u00een raza vizual\u0103, desigur, spre referin\u021b\u0103 \u0219i delectare, \u0219i teritoriul nostru \u00eenc\u0103 \u00een formare.&nbsp;<\/p>\n\n\n\n<p>\u00centr-un format compact \u0219i binedispus, sezonul \u201eGrecia: Revolu\u021bie \u0219i revolu\u021bii\u201d v\u0103 invit\u0103 at\u00e2t s\u0103 c\u0103l\u0103tori\u021bi \u00een timp, printre culori, sunete \u0219i chicoteli, c\u00e2t \u0219i s\u0103-l purta\u021bi cu voi oriunde ve\u021bi merge, \u00een valiza de vacan\u021b\u0103, \u00een c\u0103\u0219tile de acas\u0103 \u0219i \u00een g\u00e2ndurile \u0219i conversa\u021biile voastre.<\/p>\n\n\n\n<div class=\"wp-block-image\"><figure class=\"aligncenter size-large is-resized\"><img loading=\"lazy\" src=\"http:\/\/fata-verso.ro\/wp-content\/uploads\/2021\/03\/Logo_1821-1-1024x1024.jpg\" alt=\"\" class=\"wp-image-404\" width=\"249\" height=\"249\" srcset=\"https:\/\/fata-verso.ro\/wp-content\/uploads\/2021\/03\/Logo_1821-1-1024x1024.jpg 1024w, https:\/\/fata-verso.ro\/wp-content\/uploads\/2021\/03\/Logo_1821-1-300x300.jpg 300w, https:\/\/fata-verso.ro\/wp-content\/uploads\/2021\/03\/Logo_1821-1-150x150.jpg 150w, https:\/\/fata-verso.ro\/wp-content\/uploads\/2021\/03\/Logo_1821-1-768x768.jpg 768w, https:\/\/fata-verso.ro\/wp-content\/uploads\/2021\/03\/Logo_1821-1-480x480.jpg 480w, https:\/\/fata-verso.ro\/wp-content\/uploads\/2021\/03\/Logo_1821-1.jpg 1080w\" sizes=\"(max-width: 249px) 100vw, 249px\" \/><\/figure><\/div>\n\n\n\n<p>Noul sezon preg\u0103tit de Fa\u021b\u0103\/Verso \u0219i Funda\u021bia Cultural\u0103 Greac\u0103 va fi lansat pe 25 martie, de Ziua Na\u021bional\u0103 a Greciei, pe toate aplica\u021biile de podcast (Spotify, Apple Podcasts, Stitcher, Google Podcasts, Buzzsprout etc.) \u0219i pe site-urile organizatorilor, fata-verso.ro, <a rel=\"noreferrer noopener\" href=\"https:\/\/hfc-worldwide.org\/bucharest\/\" target=\"_blank\">hfc-worldwide.org\/bucharest<\/a>.<\/p>\n\n\n\n<p>Gazdele \u0219i realizatorii podcastului Fa\u021b\u0103\/Verso sunt Simina Popa \u0219i Claudiu Sfirschi-L\u0103udat. Mai multe despre gazde \u0219i proiect, g\u0103si\u021bi pe site-ul nostru.<\/p>\n\n\n\n<p>La mul\u021bi ani, \u0395\u03bb\u03bb\u03ac\u03b4\u03b1!<\/p>\n\n\n\n<p>Partener: <a href=\"https:\/\/blog.carturesti.ro\/podcast-fata-verso\/\" target=\"_blank\" rel=\"noreferrer noopener\">Libr\u0103riile C\u0103rture\u0219ti<\/a><\/p>\n","protected":false},"excerpt":{"rendered":"<p>Vine vacan\u021ba, dar de data asta nu cu trenul, ci mai simplu: cu podcastul despre Grecia! Funda\u021bia Cultural\u0103 Greac\u0103, \u00eempreun\u0103 cu Fa\u021b\u0103\/Verso, podcastul cu cititori &hellip; <span class=\"read-more-link\"><a class=\"read-more\" href=\"https:\/\/fata-verso.ro\/index.php\/2021\/03\/22\/sezonul-4-grecia\/\">Read More &rsaquo;<\/a><\/span><\/p>\n","protected":false},"author":2,"featured_media":392,"comment_status":"open","ping_status":"open","sticky":false,"template":"","format":"gallery","meta":{"_mi_skip_tracking":false},"categories":[8],"tags":[],"_links":{"self":[{"href":"https:\/\/fata-verso.ro\/index.php\/wp-json\/wp\/v2\/posts\/391"}],"collection":[{"href":"https:\/\/fata-verso.ro\/index.php\/wp-json\/wp\/v2\/posts"}],"about":[{"href":"https:\/\/fata-verso.ro\/index.php\/wp-json\/wp\/v2\/types\/post"}],"author":[{"embeddable":true,"href":"https:\/\/fata-verso.ro\/index.php\/wp-json\/wp\/v2\/users\/2"}],"replies":[{"embeddable":true,"href":"https:\/\/fata-verso.ro\/index.php\/wp-json\/wp\/v2\/comments?post=391"}],"version-history":[{"count":5,"href":"https:\/\/fata-verso.ro\/index.php\/wp-json\/wp\/v2\/posts\/391\/revisions"}],"predecessor-version":[{"id":405,"href":"https:\/\/fata-verso.ro\/index.php\/wp-json\/wp\/v2\/posts\/391\/revisions\/405"}],"wp:featuredmedia":[{"embeddable":true,"href":"https:\/\/fata-verso.ro\/index.php\/wp-json\/wp\/v2\/media\/392"}],"wp:attachment":[{"href":"https:\/\/fata-verso.ro\/index.php\/wp-json\/wp\/v2\/media?parent=391"}],"wp:term":[{"taxonomy":"category","embeddable":true,"href":"https:\/\/fata-verso.ro\/index.php\/wp-json\/wp\/v2\/categories?post=391"},{"taxonomy":"post_tag","embeddable":true,"href":"https:\/\/fata-verso.ro\/index.php\/wp-json\/wp\/v2\/tags?post=391"}],"curies":[{"name":"wp","href":"https:\/\/api.w.org\/{rel}","templated":true}]}}