{"id":372,"date":"2020-11-15T18:01:32","date_gmt":"2020-11-15T18:01:32","guid":{"rendered":"http:\/\/fata-verso.ro\/?p=372"},"modified":"2021-03-25T09:04:14","modified_gmt":"2021-03-25T09:04:14","slug":"sezonul-b-critic-ep-8-carmen-lidia-vidu","status":"publish","type":"post","link":"https:\/\/fata-verso.ro\/index.php\/2020\/11\/15\/sezonul-b-critic-ep-8-carmen-lidia-vidu\/","title":{"rendered":"Sezonul B-critic: ep. 8 \u2014 Carmen Lidia Vidu"},"content":{"rendered":"\n<figure class=\"wp-block-audio\"><audio controls src=\"http:\/\/fata-verso.ro\/wp-content\/uploads\/2020\/11\/Fata-Verso_Sezonul-B-critic-ep.8\u2014Carmen-Lidia-Vidu.mp3\"><\/audio><\/figure>\n\n\n\n<p><strong>Carmen Lidia Vidu, autoare de spectacole multimedia documentare, ne poveste\u0219te despre o v\u00e2nz\u0103toare de purpur\u0103, cum s\u0103 m\u00e2nuie\u0219ti subiecte sensibile, punctul de cotitur\u0103 dup\u0103 Colectiv \u0219i un final cu iz italienesc.<\/strong><\/p>\n\n\n\n<p>Fragmentele folosite \u00een podcast fac parte din spectacolul:<br>Jurnal de Rom\u00e2nia: 1989. Jurnalul unei revolu\u021bii, spectacol de teatru multimedia documentar<br>Regie \u0219i scenariu: Carmen Lidia Vidu<\/p>\n\n\n\n<p>Mul\u021bumim lui Carmen Lidia Vidu pentru c\u0103 ne-a pus la dispozi\u021bie materialul audio din pies\u0103.<\/p>\n\n\n\n<figure class=\"wp-block-embed is-type-wp-embed is-provider-b-critic wp-block-embed-b-critic\"><div class=\"wp-block-embed__wrapper\">\n<blockquote class=\"wp-embedded-content\" data-secret=\"1YOgRyKGWZ\"><a href=\"https:\/\/www.b-critic.ro\/spectacol\/portret-carmen-lidia-vidu\/\">Portret Carmen Lidia Vidu<\/a><\/blockquote><iframe class=\"wp-embedded-content\" sandbox=\"allow-scripts\" security=\"restricted\" style=\"position: absolute; clip: rect(1px, 1px, 1px, 1px);\" title=\"&#8222;Portret Carmen Lidia Vidu&#8221; &#8212; B-Critic\" src=\"https:\/\/www.b-critic.ro\/spectacol\/portret-carmen-lidia-vidu\/embed\/#?secret=1YOgRyKGWZ\" data-secret=\"1YOgRyKGWZ\" width=\"600\" height=\"338\" frameborder=\"0\" marginwidth=\"0\" marginheight=\"0\" scrolling=\"no\"><\/iframe>\n<\/div><\/figure>\n\n\n\n<p>***<br><em>Sezonul B-critic este dedicat dramaturgilor rom\u00e2ni contemporani \u0219i&nbsp; este realizat \u00een colaborare cu platforma cultural\u0103 b-critic.ro, cu sprijinul Libr\u0103riilor C\u0103rture\u0219ti.<br>V\u0103 invit\u0103m pe pagina b-critic.ro pentru a citi dosarul complet dedicat fiec\u0103rui dramaturg \u00een parte.<\/em><\/p>\n","protected":false},"excerpt":{"rendered":"<p>Carmen Lidia Vidu, autoare de spectacole multimedia documentare, ne poveste\u0219te despre o v\u00e2nz\u0103toare de purpur\u0103, cum s\u0103 m\u00e2nuie\u0219ti subiecte sensibile, punctul de cotitur\u0103 dup\u0103 Colectiv &hellip; <span class=\"read-more-link\"><a class=\"read-more\" href=\"https:\/\/fata-verso.ro\/index.php\/2020\/11\/15\/sezonul-b-critic-ep-8-carmen-lidia-vidu\/\">Read More &rsaquo;<\/a><\/span><\/p>\n","protected":false},"author":2,"featured_media":374,"comment_status":"open","ping_status":"open","sticky":false,"template":"","format":"standard","meta":{"_mi_skip_tracking":false},"categories":[7],"tags":[],"_links":{"self":[{"href":"https:\/\/fata-verso.ro\/index.php\/wp-json\/wp\/v2\/posts\/372"}],"collection":[{"href":"https:\/\/fata-verso.ro\/index.php\/wp-json\/wp\/v2\/posts"}],"about":[{"href":"https:\/\/fata-verso.ro\/index.php\/wp-json\/wp\/v2\/types\/post"}],"author":[{"embeddable":true,"href":"https:\/\/fata-verso.ro\/index.php\/wp-json\/wp\/v2\/users\/2"}],"replies":[{"embeddable":true,"href":"https:\/\/fata-verso.ro\/index.php\/wp-json\/wp\/v2\/comments?post=372"}],"version-history":[{"count":2,"href":"https:\/\/fata-verso.ro\/index.php\/wp-json\/wp\/v2\/posts\/372\/revisions"}],"predecessor-version":[{"id":411,"href":"https:\/\/fata-verso.ro\/index.php\/wp-json\/wp\/v2\/posts\/372\/revisions\/411"}],"wp:featuredmedia":[{"embeddable":true,"href":"https:\/\/fata-verso.ro\/index.php\/wp-json\/wp\/v2\/media\/374"}],"wp:attachment":[{"href":"https:\/\/fata-verso.ro\/index.php\/wp-json\/wp\/v2\/media?parent=372"}],"wp:term":[{"taxonomy":"category","embeddable":true,"href":"https:\/\/fata-verso.ro\/index.php\/wp-json\/wp\/v2\/categories?post=372"},{"taxonomy":"post_tag","embeddable":true,"href":"https:\/\/fata-verso.ro\/index.php\/wp-json\/wp\/v2\/tags?post=372"}],"curies":[{"name":"wp","href":"https:\/\/api.w.org\/{rel}","templated":true}]}}