{"id":367,"date":"2020-11-15T17:57:17","date_gmt":"2020-11-15T17:57:17","guid":{"rendered":"http:\/\/fata-verso.ro\/?p=367"},"modified":"2021-03-25T09:04:39","modified_gmt":"2021-03-25T09:04:39","slug":"sezonul-b-critic-ep-6-gabriel-sandu","status":"publish","type":"post","link":"https:\/\/fata-verso.ro\/index.php\/2020\/11\/15\/sezonul-b-critic-ep-6-gabriel-sandu\/","title":{"rendered":"Sezonul B-critic: ep. 6 \u2014 Gabriel Sandu"},"content":{"rendered":"\n<p><\/p>\n\n\n\n<figure class=\"wp-block-audio\"><audio controls src=\"http:\/\/fata-verso.ro\/wp-content\/uploads\/2020\/11\/Sezonul-B-Critic_Ep-6_Gabriel-Sandu.mp3\"><\/audio><\/figure>\n\n\n\n<p><strong>Gabriel Sandu este un dramaturg care lucreaz\u0103 la scen\u0103, un regizor fidel lumii din mintea sa \u0219i un actor care pune prea multe \u00eentreb\u0103ri \u2014 c\u0103prioarele \u0219i \u00eenghe\u021bata ve\u021bi afla singuri unde se \u00eencadreaz\u0103.<\/strong><\/p>\n\n\n\n<p>Fragmentele din podcast fac parte din spectacolul:<br>Du\u0219m\u0103nie. E ceva vindec\u0103tor \u00een a le da oamenilor un obiect al urii lor &#8211; text \u0219i regie de Gabriel Sandu, Teatrelli, Bucure\u0219ti.<\/p>\n\n\n\n<p>Mul\u021bumiri lui Gabriel Sandu pentru c\u0103 ne-a pus la dispozi\u021bie materialul audio din pies\u0103.<\/p>\n\n\n\n<figure class=\"wp-block-embed is-type-wp-embed is-provider-b-critic wp-block-embed-b-critic\"><div class=\"wp-block-embed__wrapper\">\n<blockquote class=\"wp-embedded-content\" data-secret=\"119AkM6tNJ\"><a href=\"https:\/\/www.b-critic.ro\/portrete\/portret-gabriel-sandu\/\">Portret Gabriel Sandu<\/a><\/blockquote><iframe class=\"wp-embedded-content\" sandbox=\"allow-scripts\" security=\"restricted\" style=\"position: absolute; clip: rect(1px, 1px, 1px, 1px);\" title=\"&#8222;Portret Gabriel Sandu&#8221; &#8212; B-Critic\" src=\"https:\/\/www.b-critic.ro\/portrete\/portret-gabriel-sandu\/embed\/#?secret=119AkM6tNJ\" data-secret=\"119AkM6tNJ\" width=\"600\" height=\"338\" frameborder=\"0\" marginwidth=\"0\" marginheight=\"0\" scrolling=\"no\"><\/iframe>\n<\/div><\/figure>\n\n\n\n<p>***<br><em>Sezonul B-critic este dedicat dramaturgilor rom\u00e2ni contemporani \u0219i&nbsp; este realizat \u00een colaborare cu platforma cultural\u0103 b-critic.ro, cu sprijinul Libr\u0103riilor C\u0103rture\u0219ti.<br>V\u0103 invit\u0103m pe pagina b-critic.ro pentru a citi dosarul complet dedicat fiec\u0103rui dramaturg \u00een parte.<\/em><\/p>\n","protected":false},"excerpt":{"rendered":"<p>Gabriel Sandu este un dramaturg care lucreaz\u0103 la scen\u0103, un regizor fidel lumii din mintea sa \u0219i un actor care pune prea multe \u00eentreb\u0103ri \u2014 &hellip; <span class=\"read-more-link\"><a class=\"read-more\" href=\"https:\/\/fata-verso.ro\/index.php\/2020\/11\/15\/sezonul-b-critic-ep-6-gabriel-sandu\/\">Read More &rsaquo;<\/a><\/span><\/p>\n","protected":false},"author":2,"featured_media":369,"comment_status":"open","ping_status":"open","sticky":false,"template":"","format":"standard","meta":{"_mi_skip_tracking":false},"categories":[7],"tags":[],"_links":{"self":[{"href":"https:\/\/fata-verso.ro\/index.php\/wp-json\/wp\/v2\/posts\/367"}],"collection":[{"href":"https:\/\/fata-verso.ro\/index.php\/wp-json\/wp\/v2\/posts"}],"about":[{"href":"https:\/\/fata-verso.ro\/index.php\/wp-json\/wp\/v2\/types\/post"}],"author":[{"embeddable":true,"href":"https:\/\/fata-verso.ro\/index.php\/wp-json\/wp\/v2\/users\/2"}],"replies":[{"embeddable":true,"href":"https:\/\/fata-verso.ro\/index.php\/wp-json\/wp\/v2\/comments?post=367"}],"version-history":[{"count":2,"href":"https:\/\/fata-verso.ro\/index.php\/wp-json\/wp\/v2\/posts\/367\/revisions"}],"predecessor-version":[{"id":413,"href":"https:\/\/fata-verso.ro\/index.php\/wp-json\/wp\/v2\/posts\/367\/revisions\/413"}],"wp:featuredmedia":[{"embeddable":true,"href":"https:\/\/fata-verso.ro\/index.php\/wp-json\/wp\/v2\/media\/369"}],"wp:attachment":[{"href":"https:\/\/fata-verso.ro\/index.php\/wp-json\/wp\/v2\/media?parent=367"}],"wp:term":[{"taxonomy":"category","embeddable":true,"href":"https:\/\/fata-verso.ro\/index.php\/wp-json\/wp\/v2\/categories?post=367"},{"taxonomy":"post_tag","embeddable":true,"href":"https:\/\/fata-verso.ro\/index.php\/wp-json\/wp\/v2\/tags?post=367"}],"curies":[{"name":"wp","href":"https:\/\/api.w.org\/{rel}","templated":true}]}}