{"id":339,"date":"2020-11-02T10:48:31","date_gmt":"2020-11-02T10:48:31","guid":{"rendered":"http:\/\/fata-verso.ro\/?p=339"},"modified":"2021-03-25T09:05:46","modified_gmt":"2021-03-25T09:05:46","slug":"sezonul-b-critic-ep-2-csaba-szekely","status":"publish","type":"post","link":"https:\/\/fata-verso.ro\/index.php\/2020\/11\/02\/sezonul-b-critic-ep-2-csaba-szekely\/","title":{"rendered":"Sezonul B-critic: ep. 2 \u2014 Csaba Sz\u00e9kely"},"content":{"rendered":"\n<figure class=\"wp-block-audio\"><audio controls src=\"http:\/\/fata-verso.ro\/wp-content\/uploads\/2020\/11\/Fata-Verso_B-critic_2-Csaba_Szekely.mp3\"><\/audio><\/figure>\n\n\n\n<p><strong>Un dialog cu Csaba Sz\u00e9kely despre curajul publicului de a vedea spectacole, un tutorial de pronun\u021bie a numelor ungure\u0219ti \u0219i istoria din manualele din Rom\u00e2nia \u0219i Ungaria.<\/strong><\/p>\n\n\n\n<p>Fragmentele audio folosite \u00een podcast fac parte din:<br><em>Ap\u0103 de min\u0103<\/em>&nbsp;de Csaba Sz\u00e9kely<br>Traducerea: S\u00e1ndor L\u00e1szl\u00f3<br>Muzica: Bobo Burl\u0103cianu<br>Teatrul Act, Bucure\u0219ti<br>\u0219i<br><em>Nu chiar 1918<\/em>&nbsp;de Csaba Sz\u00e9kely<br>Regia: Cristian Ban<br>Teatrul Andrei Mure\u0219an, T\u00e2rgu Mure\u0219<\/p>\n\n\n\n<p>Mul\u021bumiri lui Csaba Sz\u00e9kely \u0219i lui Bobo Burl\u0103cianu pentru c\u0103 ne-au pus la dispozi\u021bie materialele audio din piese.<\/p>\n\n\n\n<figure class=\"wp-block-embed is-type-wp-embed is-provider-b-critic wp-block-embed-b-critic\"><div class=\"wp-block-embed__wrapper\">\n<blockquote class=\"wp-embedded-content\" data-secret=\"a67jrS0Vvm\"><a href=\"https:\/\/www.b-critic.ro\/spectacol\/teatru\/portret-csaba-szekely\/\">Portret Csaba Sz\u00e9kely<\/a><\/blockquote><iframe class=\"wp-embedded-content\" sandbox=\"allow-scripts\" security=\"restricted\" style=\"position: absolute; clip: rect(1px, 1px, 1px, 1px);\" title=\"&#8222;Portret Csaba Sz\u00e9kely&#8221; &#8212; B-Critic\" src=\"https:\/\/www.b-critic.ro\/spectacol\/teatru\/portret-csaba-szekely\/embed\/#?secret=a67jrS0Vvm\" data-secret=\"a67jrS0Vvm\" width=\"600\" height=\"338\" frameborder=\"0\" marginwidth=\"0\" marginheight=\"0\" scrolling=\"no\"><\/iframe>\n<\/div><\/figure>\n\n\n\n<p><br>***<br><em>Sezonul B-critic este dedicat dramaturgilor rom\u00e2ni contemporani \u0219i&nbsp; este realizat \u00een colaborare cu platforma cultural\u0103 b-critic.ro, cu sprijinul Libr\u0103riilor C\u0103rture\u0219ti.<br>V\u0103 invit\u0103m pe pagina b-critic.ro pentru a citi dosarul complet dedicat fiec\u0103rui dramaturg \u00een parte.<\/em><\/p>\n","protected":false},"excerpt":{"rendered":"<p>Un dialog cu Csaba Sz\u00e9kely despre curajul publicului de a vedea spectacole, un tutorial de pronun\u021bie a numelor ungure\u0219ti \u0219i istoria din manualele din Rom\u00e2nia &hellip; <span class=\"read-more-link\"><a class=\"read-more\" href=\"https:\/\/fata-verso.ro\/index.php\/2020\/11\/02\/sezonul-b-critic-ep-2-csaba-szekely\/\">Read More &rsaquo;<\/a><\/span><\/p>\n","protected":false},"author":2,"featured_media":340,"comment_status":"open","ping_status":"open","sticky":false,"template":"","format":"standard","meta":{"_mi_skip_tracking":false},"categories":[7],"tags":[],"_links":{"self":[{"href":"https:\/\/fata-verso.ro\/index.php\/wp-json\/wp\/v2\/posts\/339"}],"collection":[{"href":"https:\/\/fata-verso.ro\/index.php\/wp-json\/wp\/v2\/posts"}],"about":[{"href":"https:\/\/fata-verso.ro\/index.php\/wp-json\/wp\/v2\/types\/post"}],"author":[{"embeddable":true,"href":"https:\/\/fata-verso.ro\/index.php\/wp-json\/wp\/v2\/users\/2"}],"replies":[{"embeddable":true,"href":"https:\/\/fata-verso.ro\/index.php\/wp-json\/wp\/v2\/comments?post=339"}],"version-history":[{"count":4,"href":"https:\/\/fata-verso.ro\/index.php\/wp-json\/wp\/v2\/posts\/339\/revisions"}],"predecessor-version":[{"id":418,"href":"https:\/\/fata-verso.ro\/index.php\/wp-json\/wp\/v2\/posts\/339\/revisions\/418"}],"wp:featuredmedia":[{"embeddable":true,"href":"https:\/\/fata-verso.ro\/index.php\/wp-json\/wp\/v2\/media\/340"}],"wp:attachment":[{"href":"https:\/\/fata-verso.ro\/index.php\/wp-json\/wp\/v2\/media?parent=339"}],"wp:term":[{"taxonomy":"category","embeddable":true,"href":"https:\/\/fata-verso.ro\/index.php\/wp-json\/wp\/v2\/categories?post=339"},{"taxonomy":"post_tag","embeddable":true,"href":"https:\/\/fata-verso.ro\/index.php\/wp-json\/wp\/v2\/tags?post=339"}],"curies":[{"name":"wp","href":"https:\/\/api.w.org\/{rel}","templated":true}]}}