{"id":324,"date":"2020-11-02T10:36:13","date_gmt":"2020-11-02T10:36:13","guid":{"rendered":"http:\/\/fata-verso.ro\/?p=324"},"modified":"2021-03-25T09:05:32","modified_gmt":"2021-03-25T09:05:32","slug":"sezonul-b-critic-ep-1-elise-wilk","status":"publish","type":"post","link":"https:\/\/fata-verso.ro\/index.php\/2020\/11\/02\/sezonul-b-critic-ep-1-elise-wilk\/","title":{"rendered":"Sezonul B-critic: ep. 1 \u2014 Elise Wilk"},"content":{"rendered":"\n<figure class=\"wp-block-audio\"><audio controls src=\"http:\/\/fata-verso.ro\/wp-content\/uploads\/2020\/11\/Fata-Verso_B-critic_1-Elise_Wilk.mp3\"><\/audio><\/figure>\n\n\n\n<p><strong>O discu\u021bie Bucure\u0219ti-Bra\u0219ov cu Elise Wilk, despre importan\u021ba punctelor de vedere ale celorlal\u021bi, vizibilitate profesional\u0103 \u0219i p\u0103cate capitale.<\/strong><\/p>\n\n\n\n<p>Fragmentele audio folosite \u00een podcast fac parte din:<br><em>Pisica verde<\/em>&nbsp;de Elise Wilk, adaptare radiofonic\u0103 \u0219i regia artistic\u0103 Mihnea Chelaru, disponibil pe platforma eTeatru.<br>Sursa:&nbsp;<a rel=\"noreferrer noopener\" href=\"http:\/\/www.eteatru.ro\/#art\/pisica-verde-de-elise-wilk\/2002861\" target=\"_blank\">aici<\/a><br>\u0219i<br>trailerul spectacolului&nbsp;<em>Feminin<\/em>&nbsp;de Elise Wilk, regia Eugen Jebeleanu, Teatrul Tineretului din Piatra Neam\u021b.<br>Sursa:&nbsp;<a rel=\"noreferrer noopener\" href=\"https:\/\/www.teatrultineretului.ro\/?page_id=15703\" target=\"_blank\">aici<\/a><\/p>\n\n\n\n<figure class=\"wp-block-embed is-type-wp-embed is-provider-b-critic wp-block-embed-b-critic\"><div class=\"wp-block-embed__wrapper\">\n<blockquote class=\"wp-embedded-content\" data-secret=\"PuM1CPWvHw\"><a href=\"https:\/\/www.b-critic.ro\/spectacol\/teatru\/portret-elise-wilk\/\">Portret Elise Wilk<\/a><\/blockquote><iframe class=\"wp-embedded-content\" sandbox=\"allow-scripts\" security=\"restricted\" style=\"position: absolute; clip: rect(1px, 1px, 1px, 1px);\" title=\"&#8222;Portret Elise Wilk&#8221; &#8212; B-Critic\" src=\"https:\/\/www.b-critic.ro\/spectacol\/teatru\/portret-elise-wilk\/embed\/#?secret=PuM1CPWvHw\" data-secret=\"PuM1CPWvHw\" width=\"600\" height=\"338\" frameborder=\"0\" marginwidth=\"0\" marginheight=\"0\" scrolling=\"no\"><\/iframe>\n<\/div><\/figure>\n\n\n\n<p>***<br><em>Sezonul B-critic este dedicat dramaturgilor rom\u00e2ni contemporani \u0219i&nbsp; este realizat \u00een colaborare cu platforma cultural\u0103 b-critic.ro, cu sprijinul Libr\u0103riilor C\u0103rture\u0219ti.<br>V\u0103 invit\u0103m pe pagina b-critic.ro pentru a citi dosarul complet dedicat fiec\u0103rui dramaturg \u00een parte.<\/em><\/p>\n","protected":false},"excerpt":{"rendered":"<p>O discu\u021bie Bucure\u0219ti-Bra\u0219ov cu Elise Wilk, despre importan\u021ba punctelor de vedere ale celorlal\u021bi, vizibilitate profesional\u0103 \u0219i p\u0103cate capitale. Fragmentele audio folosite \u00een podcast fac parte &hellip; <span class=\"read-more-link\"><a class=\"read-more\" href=\"https:\/\/fata-verso.ro\/index.php\/2020\/11\/02\/sezonul-b-critic-ep-1-elise-wilk\/\">Read More &rsaquo;<\/a><\/span><\/p>\n","protected":false},"author":2,"featured_media":328,"comment_status":"open","ping_status":"open","sticky":false,"template":"","format":"standard","meta":{"_mi_skip_tracking":false},"categories":[7],"tags":[],"_links":{"self":[{"href":"https:\/\/fata-verso.ro\/index.php\/wp-json\/wp\/v2\/posts\/324"}],"collection":[{"href":"https:\/\/fata-verso.ro\/index.php\/wp-json\/wp\/v2\/posts"}],"about":[{"href":"https:\/\/fata-verso.ro\/index.php\/wp-json\/wp\/v2\/types\/post"}],"author":[{"embeddable":true,"href":"https:\/\/fata-verso.ro\/index.php\/wp-json\/wp\/v2\/users\/2"}],"replies":[{"embeddable":true,"href":"https:\/\/fata-verso.ro\/index.php\/wp-json\/wp\/v2\/comments?post=324"}],"version-history":[{"count":5,"href":"https:\/\/fata-verso.ro\/index.php\/wp-json\/wp\/v2\/posts\/324\/revisions"}],"predecessor-version":[{"id":417,"href":"https:\/\/fata-verso.ro\/index.php\/wp-json\/wp\/v2\/posts\/324\/revisions\/417"}],"wp:featuredmedia":[{"embeddable":true,"href":"https:\/\/fata-verso.ro\/index.php\/wp-json\/wp\/v2\/media\/328"}],"wp:attachment":[{"href":"https:\/\/fata-verso.ro\/index.php\/wp-json\/wp\/v2\/media?parent=324"}],"wp:term":[{"taxonomy":"category","embeddable":true,"href":"https:\/\/fata-verso.ro\/index.php\/wp-json\/wp\/v2\/categories?post=324"},{"taxonomy":"post_tag","embeddable":true,"href":"https:\/\/fata-verso.ro\/index.php\/wp-json\/wp\/v2\/tags?post=324"}],"curies":[{"name":"wp","href":"https:\/\/api.w.org\/{rel}","templated":true}]}}