{"id":192,"date":"2019-07-19T14:28:40","date_gmt":"2019-07-19T14:28:40","guid":{"rendered":"http:\/\/simina.fastforward.ro\/?p=192"},"modified":"2022-09-28T22:35:23","modified_gmt":"2022-09-28T22:35:23","slug":"episodul-1-8-cu-tudor-ganea","status":"publish","type":"post","link":"https:\/\/fata-verso.ro\/index.php\/2019\/07\/19\/episodul-1-8-cu-tudor-ganea\/","title":{"rendered":"Episodul 1: \u201e8\u201d cu Tudor Ganea"},"content":{"rendered":"\n<p><strong>La discu\u021bii cu Tudor Ganea despre romanul&nbsp;\u201e8\u201d, Tarantino, Biblie \u0219i leacuri b\u0103be\u0219ti.<\/strong><\/p>\n\n\n\n<figure class=\"wp-block-audio\"><audio controls src=\"http:\/\/simina.fastforward.ro\/wp-content\/uploads\/2020\/08\/Ep-1_Tudor-Ganea.mp3\"><\/audio><\/figure>\n\n\n\n<hr class=\"wp-block-separator\"\/>\n\n\n\n<div class=\"wp-block-columns\">\n<div class=\"wp-block-column\" style=\"flex-basis:33.33%\">\n<figure class=\"wp-block-image size-large\"><img loading=\"lazy\" width=\"240\" height=\"366\" src=\"http:\/\/simina.fastforward.ro\/wp-content\/uploads\/2020\/08\/345794700-0-240.jpeg\" alt=\"\" class=\"wp-image-196\" srcset=\"https:\/\/fata-verso.ro\/wp-content\/uploads\/2020\/08\/345794700-0-240.jpeg 240w, https:\/\/fata-verso.ro\/wp-content\/uploads\/2020\/08\/345794700-0-240-197x300.jpeg 197w\" sizes=\"(max-width: 240px) 100vw, 240px\" \/><\/figure>\n<\/div>\n\n\n\n<div class=\"wp-block-column\" style=\"flex-basis:66.66%\">\n<p><\/p>\n\n\n\n<p>Tudor Ganea s-a n\u0103scut \u00een 1983 \u0219i este arhitect. A debutat \u00een 2016, cu romanul \u201e<a href=\"https:\/\/carturesti.ro\/carte\/cazemata-451004?t=a_related&amp;p=1\">Cazemata<\/a>\u201d (Polirom), pentru care a primit Premiul \u201eT\u00e2n\u0103rul prozator al anului 2016\u201d, \u00een cadrul Galei Tinerilor Scriitori, Premiul pentru debut al revistei \u201eObservator cultural\u201d, Premiul \u201eNepotul lui Thoreau\u201d (debut) \u0219i a fost nominalizat la Premiile Uniunii Scriitorilor (debut). Este prezent \u00een antologia \u201eEuropean First Novel\u201d (Budapesta 2017). \u00cen 2017 i-a ap\u0103rut cel de-al doilea roman, \u201e<a href=\"https:\/\/carturesti.ro\/carte\/miere-1978040?t=a_related&amp;p=1\">Miere<\/a>\u201d (Polirom), iar 2018 cel de-al treilea, \u201ePorcii\u201d (Polirom), roman nominalizat pe lista scurt\u0103 a Premiului Uniunii Europene pentru Literatur\u0103 2019. \u00cen 2019, a publicat volumul \u201e<a href=\"https:\/\/carturesti.ro\/carte\/8-345794700?p=1\">8<\/a>\u201d (Polirom).<\/p>\n<\/div>\n<\/div>\n\n\n\n<p>Ascult\u0103 un fragment din romanul \u201e8\u201d, \u00een lectura actorului actorului Alexandru Mike Gheorghiu:<\/p>\n\n\n\n<figure class=\"wp-block-audio\"><audio controls src=\"http:\/\/simina.fastforward.ro\/wp-content\/uploads\/2020\/08\/Pastila-Ep-1-Tudor-Ganea.mp3\"><\/audio><\/figure>\n\n\n\n<figure class=\"wp-block-image size-large\"><img loading=\"lazy\" width=\"960\" height=\"720\" src=\"http:\/\/simina.fastforward.ro\/wp-content\/uploads\/2020\/08\/Ganea.jpg\" alt=\"\" class=\"wp-image-207\" srcset=\"https:\/\/fata-verso.ro\/wp-content\/uploads\/2020\/08\/Ganea.jpg 960w, https:\/\/fata-verso.ro\/wp-content\/uploads\/2020\/08\/Ganea-300x225.jpg 300w, https:\/\/fata-verso.ro\/wp-content\/uploads\/2020\/08\/Ganea-768x576.jpg 768w\" sizes=\"(max-width: 960px) 100vw, 960px\" \/><\/figure>\n","protected":false},"excerpt":{"rendered":"<p>La discu\u021bii cu Tudor Ganea despre romanul&nbsp;\u201e8\u201d, Tarantino, Biblie \u0219i leacuri b\u0103be\u0219ti. Tudor Ganea s-a n\u0103scut \u00een 1983 \u0219i este arhitect. A debutat \u00een 2016, &hellip; <span class=\"read-more-link\"><a class=\"read-more\" href=\"https:\/\/fata-verso.ro\/index.php\/2019\/07\/19\/episodul-1-8-cu-tudor-ganea\/\">Read More &rsaquo;<\/a><\/span><\/p>\n","protected":false},"author":2,"featured_media":196,"comment_status":"open","ping_status":"open","sticky":false,"template":"","format":"standard","meta":{"_mi_skip_tracking":false},"categories":[3],"tags":[],"_links":{"self":[{"href":"https:\/\/fata-verso.ro\/index.php\/wp-json\/wp\/v2\/posts\/192"}],"collection":[{"href":"https:\/\/fata-verso.ro\/index.php\/wp-json\/wp\/v2\/posts"}],"about":[{"href":"https:\/\/fata-verso.ro\/index.php\/wp-json\/wp\/v2\/types\/post"}],"author":[{"embeddable":true,"href":"https:\/\/fata-verso.ro\/index.php\/wp-json\/wp\/v2\/users\/2"}],"replies":[{"embeddable":true,"href":"https:\/\/fata-verso.ro\/index.php\/wp-json\/wp\/v2\/comments?post=192"}],"version-history":[{"count":4,"href":"https:\/\/fata-verso.ro\/index.php\/wp-json\/wp\/v2\/posts\/192\/revisions"}],"predecessor-version":[{"id":906,"href":"https:\/\/fata-verso.ro\/index.php\/wp-json\/wp\/v2\/posts\/192\/revisions\/906"}],"wp:featuredmedia":[{"embeddable":true,"href":"https:\/\/fata-verso.ro\/index.php\/wp-json\/wp\/v2\/media\/196"}],"wp:attachment":[{"href":"https:\/\/fata-verso.ro\/index.php\/wp-json\/wp\/v2\/media?parent=192"}],"wp:term":[{"taxonomy":"category","embeddable":true,"href":"https:\/\/fata-verso.ro\/index.php\/wp-json\/wp\/v2\/categories?post=192"},{"taxonomy":"post_tag","embeddable":true,"href":"https:\/\/fata-verso.ro\/index.php\/wp-json\/wp\/v2\/tags?post=192"}],"curies":[{"name":"wp","href":"https:\/\/api.w.org\/{rel}","templated":true}]}}