{"id":182,"date":"2019-07-31T14:22:05","date_gmt":"2019-07-31T14:22:05","guid":{"rendered":"http:\/\/simina.fastforward.ro\/?p=182"},"modified":"2020-10-23T12:26:51","modified_gmt":"2020-10-23T12:26:51","slug":"episodul-2-sfarsitul-lui-eddy-bellegueule-cu-vlad-viski","status":"publish","type":"post","link":"https:\/\/fata-verso.ro\/index.php\/2019\/07\/31\/episodul-2-sfarsitul-lui-eddy-bellegueule-cu-vlad-viski\/","title":{"rendered":"Episodul 2: \u201eSf\u00e2r\u0219itul lui Eddy Bellegueule\u201d, cu Vlad Viski"},"content":{"rendered":"\n<p><strong>La discu\u021bii cu Vlad Viski, activist queer, despre identitate de gen, David Beckham, bullying \u0219i re\u021bete de succes, pornind de la cartea \u201eSf\u00e2r\u0219itul lui Eddy Bellegueule\u201d de Edouard Louis (trad. De Alexandru Matei, Editura Litera).<\/strong><\/p>\n\n\n\n<figure class=\"wp-block-audio\"><audio controls src=\"http:\/\/simina.fastforward.ro\/wp-content\/uploads\/2020\/08\/Pastila-ep-2-Eddy-Bellegueule.mp3\"><\/audio><\/figure>\n\n\n\n<div class=\"wp-block-columns\">\n<div class=\"wp-block-column\" style=\"flex-basis:33.33%\">\n<figure class=\"wp-block-image size-large\"><img loading=\"lazy\" width=\"300\" height=\"419\" src=\"http:\/\/simina.fastforward.ro\/wp-content\/uploads\/2020\/08\/207308160-0-300x419-1.jpeg\" alt=\"\" class=\"wp-image-187\" srcset=\"https:\/\/fata-verso.ro\/wp-content\/uploads\/2020\/08\/207308160-0-300x419-1.jpeg 300w, https:\/\/fata-verso.ro\/wp-content\/uploads\/2020\/08\/207308160-0-300x419-1-215x300.jpeg 215w\" sizes=\"(max-width: 300px) 100vw, 300px\" \/><\/figure>\n<\/div>\n\n\n\n<div class=\"wp-block-column\" style=\"flex-basis:66.66%\">\n<p>\u00c9douard Louis s-a n\u0103scut \u00een 1992 \u00een comuna Hallencourt din nordul Fran\u021bei, numele s\u0103u la na\u0219tere fiind Eddy Bellegueule. \u00cen 2013, \u0219i-a schimbat oficial numele \u00een \u00c9douard Louis. \u00cen 2014 a publicat \u201e<a rel=\"noreferrer noopener\" href=\"https:\/\/carturesti.ro\/carte\/en-finir-avec-eddy-bellegueule-252045735?p=3\" target=\"_blank\">En finir avec Eddy Bellegueule<\/a>\u201d (\u201e<a rel=\"noreferrer noopener\" href=\"https:\/\/carturesti.ro\/carte\/sfarsitul-lui-eddy-bellegueule-207308160\" target=\"_blank\">Sf\u00e2r\u0219itul lui Eddy Bellegueule<\/a>\u201d, trad. de Alexandru Matei, Litera, 2018), roman autobiografic care a f\u0103cut obiectul unei aten\u021bii sporite din partea presei \u0219i a fost salutat pentru meritul s\u0103u literar \u0219i pentru povestea conving\u0103toare, st\u00e2rnind de asemenea polemici din cauza modului \u00een care autorul \u00ee\u0219i descrie familia \u0219i mediul social din care provine. Cartea a fost bestseller \u00een Fran\u021ba \u0219i a fost tradus\u0103 \u00een peste 20 de limbi. \u00cen 2016, Louis a publicat un al doilea roman, \u201e<a rel=\"noreferrer noopener\" href=\"https:\/\/carturesti.ro\/carte\/histoire-de-la-violence-252045523?p=4\" target=\"_blank\">Histoire de la violence<\/a>\u201d (\u201e<a rel=\"noreferrer noopener\" href=\"https:\/\/carturesti.ro\/carte\/o-istorie-a-violentei-345794648?p=1\" target=\"_blank\">O istorie a violen\u021bei<\/a>\u201d, trad. de Alexandru Matei, Litera, 2019). \u00cen 2018, Louis \u0219i-a lansat cel de al treilea roman, \u201eQui a tu\u00e9 mon p\u00e8re\u201d (\u201eCine l-a ucis pe tata?\u201d).<\/p>\n<\/div>\n<\/div>\n\n\n\n<div class=\"wp-block-columns\">\n<div class=\"wp-block-column\" style=\"flex-basis:33.33%\">\n<figure class=\"wp-block-image size-large\"><img loading=\"lazy\" width=\"732\" height=\"1024\" src=\"http:\/\/simina.fastforward.ro\/wp-content\/uploads\/2020\/08\/Vlad-Viski-732x1024.jpeg\" alt=\"\" class=\"wp-image-188\" srcset=\"https:\/\/fata-verso.ro\/wp-content\/uploads\/2020\/08\/Vlad-Viski-732x1024.jpeg 732w, https:\/\/fata-verso.ro\/wp-content\/uploads\/2020\/08\/Vlad-Viski-214x300.jpeg 214w, https:\/\/fata-verso.ro\/wp-content\/uploads\/2020\/08\/Vlad-Viski.jpeg 768w\" sizes=\"(max-width: 732px) 100vw, 732px\" \/><\/figure>\n<\/div>\n\n\n\n<div class=\"wp-block-column\" style=\"flex-basis:66.66%\">\n<p>Vlad Viski este activist queer, director executiv al Asocia\u021biei MozaiQ, editorialist \u0219i cercet\u0103tor independent. A absolvit Central European University, cu un masterat \u00een \u0219tiin\u021be politice pe tema mi\u0219c\u0103rii LGBT din Rom\u00e2nia dup\u0103 2001. Licen\u021ba \u0219i-a f\u0103cut-o la California State University, Los Angeles, \u00een \u0219tiin\u021be politice. A mai urmat cursuri la Tel Aviv University \u0219i Hong Kong University. A publicat articole pentru Vice Rom\u00e2nia, Adev\u0103rul, Dec\u00e2t o Revist\u0103,&nbsp;<a rel=\"noreferrer noopener\" href=\"http:\/\/them.us\/\" target=\"_blank\">them.us<\/a>, Gay Star News, Observator Cultural, The Advocate, Critic Atac. A coordonat num\u0103rul 10 (2018) al revistei academice ANAlize, \u201cLGBT Rights in Central and Eastern Europe: Theoretical Disputes, Community Building Strategies\u201d. \u00cen februarie 2017 a lucrat la expozi\u021bia \u201cSAVAGED Pink. Istoria presei gay din anii 90\u201d. Interviuri \u0219i cit\u0103ri pentru New York Times, SBS Australia, Associated Press, intomore, Elle Romania. \u00centre 2015 \u0219i 2018 a ocupat pozi\u021bia de pre\u0219edinte al MozaiQ.<\/p>\n<\/div>\n<\/div>\n\n\n\n<p><strong>Ascult\u0103 un fragment din \u201eSf\u00e2r\u0219itul lui Eddy Bellegueule\u201d, \u00een lectura actorului Vlad Neme\u0219:<\/strong><\/p>\n\n\n\n<p>(Acest fragment con\u021bine material cu limbaj licen\u021bios, nerecomandat minorilor.)<\/p>\n\n\n\n<figure class=\"wp-block-audio\"><audio controls src=\"http:\/\/fata-verso.ro\/wp-content\/uploads\/2020\/10\/Fata_verso_Pastila_ep2_320kbs.mp3\"><\/audio><\/figure>\n","protected":false},"excerpt":{"rendered":"<p>La discu\u021bii cu Vlad Viski, activist queer, despre identitate de gen, David Beckham, bullying \u0219i re\u021bete de succes, pornind de la cartea \u201eSf\u00e2r\u0219itul lui Eddy &hellip; <span class=\"read-more-link\"><a class=\"read-more\" href=\"https:\/\/fata-verso.ro\/index.php\/2019\/07\/31\/episodul-2-sfarsitul-lui-eddy-bellegueule-cu-vlad-viski\/\">Read More &rsaquo;<\/a><\/span><\/p>\n","protected":false},"author":2,"featured_media":187,"comment_status":"open","ping_status":"open","sticky":false,"template":"","format":"standard","meta":{"_mi_skip_tracking":false},"categories":[3],"tags":[],"_links":{"self":[{"href":"https:\/\/fata-verso.ro\/index.php\/wp-json\/wp\/v2\/posts\/182"}],"collection":[{"href":"https:\/\/fata-verso.ro\/index.php\/wp-json\/wp\/v2\/posts"}],"about":[{"href":"https:\/\/fata-verso.ro\/index.php\/wp-json\/wp\/v2\/types\/post"}],"author":[{"embeddable":true,"href":"https:\/\/fata-verso.ro\/index.php\/wp-json\/wp\/v2\/users\/2"}],"replies":[{"embeddable":true,"href":"https:\/\/fata-verso.ro\/index.php\/wp-json\/wp\/v2\/comments?post=182"}],"version-history":[{"count":5,"href":"https:\/\/fata-verso.ro\/index.php\/wp-json\/wp\/v2\/posts\/182\/revisions"}],"predecessor-version":[{"id":319,"href":"https:\/\/fata-verso.ro\/index.php\/wp-json\/wp\/v2\/posts\/182\/revisions\/319"}],"wp:featuredmedia":[{"embeddable":true,"href":"https:\/\/fata-verso.ro\/index.php\/wp-json\/wp\/v2\/media\/187"}],"wp:attachment":[{"href":"https:\/\/fata-verso.ro\/index.php\/wp-json\/wp\/v2\/media?parent=182"}],"wp:term":[{"taxonomy":"category","embeddable":true,"href":"https:\/\/fata-verso.ro\/index.php\/wp-json\/wp\/v2\/categories?post=182"},{"taxonomy":"post_tag","embeddable":true,"href":"https:\/\/fata-verso.ro\/index.php\/wp-json\/wp\/v2\/tags?post=182"}],"curies":[{"name":"wp","href":"https:\/\/api.w.org\/{rel}","templated":true}]}}