{"id":150,"date":"2019-09-11T14:05:37","date_gmt":"2019-09-11T14:05:37","guid":{"rendered":"http:\/\/simina.fastforward.ro\/?p=150"},"modified":"2020-08-17T18:11:32","modified_gmt":"2020-08-17T18:11:32","slug":"episodul-5-interior-zero-cu-lavinia-braniste","status":"publish","type":"post","link":"https:\/\/fata-verso.ro\/index.php\/2019\/09\/11\/episodul-5-interior-zero-cu-lavinia-braniste\/","title":{"rendered":"Episodul 5: \u201eInterior zero\u201d, cu Lavinia Brani\u0219te"},"content":{"rendered":"\n<p><strong>Cu Lavinia Brani\u0219te despre ce \u00eei aduce educa\u021bia, ograda \u00een care-i place s\u0103 se uite \u0219i cum economise\u0219te energiile, toate pornind de la romanul \u201eInterior zero\u201d (Editura Polirom).&nbsp;<\/strong><\/p>\n\n\n\n<figure class=\"wp-block-audio\"><audio controls src=\"http:\/\/simina.fastforward.ro\/wp-content\/uploads\/2020\/08\/Ep-5-Lavinia-Braniste-1.mp3\"><\/audio><\/figure>\n\n\n\n<div class=\"wp-block-columns\">\n<div class=\"wp-block-column\" style=\"flex-basis:33.33%\">\n<figure class=\"wp-block-image size-large\"><img loading=\"lazy\" width=\"589\" height=\"1000\" src=\"http:\/\/simina.fastforward.ro\/wp-content\/uploads\/2020\/08\/interior-zero.jpeg\" alt=\"\" class=\"wp-image-158\" srcset=\"https:\/\/fata-verso.ro\/wp-content\/uploads\/2020\/08\/interior-zero.jpeg 589w, https:\/\/fata-verso.ro\/wp-content\/uploads\/2020\/08\/interior-zero-177x300.jpeg 177w\" sizes=\"(max-width: 589px) 100vw, 589px\" \/><\/figure>\n<\/div>\n\n\n\n<div class=\"wp-block-column\" style=\"flex-basis:66.66%\">\n<p><strong>LAVINIA BRANI\u0218TE<\/strong>&nbsp;s-a n\u0103scut la Br\u0103ila. \u0218i-a f\u0103cut debutul \u00een lumea literar\u0103 cu un volum de poezie \u2013 \u201ePove\u0219ti cu mine\u201d (Paralela 45, 2006) \u2013 \u0219i a continuat cu proz\u0103 scurt\u0103 \u2013 \u201e<a href=\"https:\/\/carturesti.ro\/carte\/cinci-minute-pe-zi-67071?p=9\">Cinci minute pe zi<\/a>\u201d (Casa de pariuri literare, 2011), \u201e<a href=\"https:\/\/carturesti.ro\/carte\/escapada-225596?p=4\">Escapada<\/a>\u201d (Polirom, 2014) \u0219i literatur\u0103 pentru copii (\u201e<a href=\"https:\/\/carturesti.ro\/carte\/rostogol-merge-acasa-222217743?p=7\">Rostogol merge acas\u0103<\/a>\u201d, Art, 2014; \u201e<a href=\"https:\/\/carturesti.ro\/carte\/rostogol-si-vulcanii-noroiosi-110544012?p=2\">Rostogol \u0219i vulcanii noroio\u0219i<\/a>\u201d, Art, 2018; \u201e<a href=\"https:\/\/carturesti.ro\/carte\/rostogol-pazeste-pepenii-1978891?p=5\">Rostogol p\u0103ze\u0219te pepenii<\/a>\u201d Art, 2017; \u201e<a href=\"https:\/\/carturesti.ro\/carte\/anatol-si-gregor-la-aeroport-253587985?p=1\">Anatol \u0219i Gregor la aeroport<\/a>\u201d, Art 2018; \u201e<a href=\"https:\/\/carturesti.ro\/carte\/melcusorul-2331214?p=3\">Melcu\u0219orul<\/a>\u201d, Cartier, 2018; \u201e<a href=\"https:\/\/carturesti.ro\/carte\/jungla-lui-toco-1986909?p=6\">Jungla lui Toco<\/a>\u201d, Cartier, 2017). \u00cen 2016, a publicat primul roman, \u201e<a href=\"https:\/\/carturesti.ro\/carte\/interior-zero-61560138?p=1\">Interior zero<\/a>\u201d, care, \u00een 2018, a fost tradus \u00een limba german\u0103. Semneaz\u0103 proz\u0103 scurt\u0103 \u00een diverse volume \u0219i publica\u021bii (tip\u0103rite sau online) \u0219i a tradus literatur\u0103 din limba englez\u0103, semnat\u0103 de autori precum Henry Miller, V.S. Naipaul, A.A. Milne, Kate DiCamillo, George Orwell.<\/p>\n<\/div>\n<\/div>\n\n\n\n<p>Un fragment din romanul \u201e<a href=\"https:\/\/carturesti.ro\/carte\/interior-zero-61560138?p=1\">Interior zero<\/a>\u201d, \u00een lectura actri\u021bei Cristina Casian.<\/p>\n\n\n\n<figure class=\"wp-block-audio\"><audio controls src=\"http:\/\/simina.fastforward.ro\/wp-content\/uploads\/2020\/08\/Pastila-ep-5-Lavinia-Braniste.mp3\"><\/audio><\/figure>\n\n\n\n<figure class=\"wp-block-image size-large\"><img loading=\"lazy\" width=\"960\" height=\"774\" src=\"http:\/\/simina.fastforward.ro\/wp-content\/uploads\/2020\/08\/Lavinia.jpg\" alt=\"\" class=\"wp-image-213\" srcset=\"https:\/\/fata-verso.ro\/wp-content\/uploads\/2020\/08\/Lavinia.jpg 960w, https:\/\/fata-verso.ro\/wp-content\/uploads\/2020\/08\/Lavinia-300x242.jpg 300w, https:\/\/fata-verso.ro\/wp-content\/uploads\/2020\/08\/Lavinia-768x619.jpg 768w\" sizes=\"(max-width: 960px) 100vw, 960px\" \/><\/figure>\n\n\n\n<figure class=\"wp-block-image size-large\"><img loading=\"lazy\" width=\"960\" height=\"720\" src=\"http:\/\/simina.fastforward.ro\/wp-content\/uploads\/2020\/08\/Lavinia2.jpg\" alt=\"\" class=\"wp-image-214\" srcset=\"https:\/\/fata-verso.ro\/wp-content\/uploads\/2020\/08\/Lavinia2.jpg 960w, https:\/\/fata-verso.ro\/wp-content\/uploads\/2020\/08\/Lavinia2-300x225.jpg 300w, https:\/\/fata-verso.ro\/wp-content\/uploads\/2020\/08\/Lavinia2-768x576.jpg 768w\" sizes=\"(max-width: 960px) 100vw, 960px\" \/><\/figure>\n","protected":false},"excerpt":{"rendered":"<p>Cu Lavinia Brani\u0219te despre ce \u00eei aduce educa\u021bia, ograda \u00een care-i place s\u0103 se uite \u0219i cum economise\u0219te energiile, toate pornind de la romanul \u201eInterior &hellip; <span class=\"read-more-link\"><a class=\"read-more\" href=\"https:\/\/fata-verso.ro\/index.php\/2019\/09\/11\/episodul-5-interior-zero-cu-lavinia-braniste\/\">Read More &rsaquo;<\/a><\/span><\/p>\n","protected":false},"author":2,"featured_media":158,"comment_status":"open","ping_status":"open","sticky":false,"template":"","format":"standard","meta":{"_mi_skip_tracking":false},"categories":[3],"tags":[],"_links":{"self":[{"href":"https:\/\/fata-verso.ro\/index.php\/wp-json\/wp\/v2\/posts\/150"}],"collection":[{"href":"https:\/\/fata-verso.ro\/index.php\/wp-json\/wp\/v2\/posts"}],"about":[{"href":"https:\/\/fata-verso.ro\/index.php\/wp-json\/wp\/v2\/types\/post"}],"author":[{"embeddable":true,"href":"https:\/\/fata-verso.ro\/index.php\/wp-json\/wp\/v2\/users\/2"}],"replies":[{"embeddable":true,"href":"https:\/\/fata-verso.ro\/index.php\/wp-json\/wp\/v2\/comments?post=150"}],"version-history":[{"count":3,"href":"https:\/\/fata-verso.ro\/index.php\/wp-json\/wp\/v2\/posts\/150\/revisions"}],"predecessor-version":[{"id":215,"href":"https:\/\/fata-verso.ro\/index.php\/wp-json\/wp\/v2\/posts\/150\/revisions\/215"}],"wp:featuredmedia":[{"embeddable":true,"href":"https:\/\/fata-verso.ro\/index.php\/wp-json\/wp\/v2\/media\/158"}],"wp:attachment":[{"href":"https:\/\/fata-verso.ro\/index.php\/wp-json\/wp\/v2\/media?parent=150"}],"wp:term":[{"taxonomy":"category","embeddable":true,"href":"https:\/\/fata-verso.ro\/index.php\/wp-json\/wp\/v2\/categories?post=150"},{"taxonomy":"post_tag","embeddable":true,"href":"https:\/\/fata-verso.ro\/index.php\/wp-json\/wp\/v2\/tags?post=150"}],"curies":[{"name":"wp","href":"https:\/\/api.w.org\/{rel}","templated":true}]}}