{"id":146,"date":"2020-05-21T14:05:46","date_gmt":"2020-05-21T14:05:46","guid":{"rendered":"http:\/\/simina.fastforward.ro\/?p=146"},"modified":"2020-08-17T18:18:59","modified_gmt":"2020-08-17T18:18:59","slug":"vizite-la-domiciliu-4-stefania-oprina","status":"publish","type":"post","link":"https:\/\/fata-verso.ro\/index.php\/2020\/05\/21\/vizite-la-domiciliu-4-stefania-oprina\/","title":{"rendered":"Vizite la domiciliu #4: \u0218tefania Oprina"},"content":{"rendered":"\n<p><strong>Am vizitat-o pe \u0218tefania Oprina, gazd\u0103 \u0219i librar la Seneca Anticafe, care ne spune c\u00e2te ceva despre pa\u0219ii mici spre lecturi mari, provocarea \u201em\u0103slinistic\u0103\u201d, pu\u0219culi\u021ba timpului \u0219i muncitori vorb\u0103re\u021bi.<\/strong><\/p>\n\n\n\n<figure class=\"wp-block-audio\"><audio controls src=\"http:\/\/simina.fastforward.ro\/wp-content\/uploads\/2020\/08\/Fata_Verso-S2-Ep4-Stefania-Oprina.mp3\"><\/audio><\/figure>\n\n\n\n<figure class=\"wp-block-image size-large\"><img loading=\"lazy\" width=\"999\" height=\"720\" src=\"http:\/\/simina.fastforward.ro\/wp-content\/uploads\/2020\/08\/Fata_Verso_S2_Ep4_Stefania_Oprina.jpg\" alt=\"\" class=\"wp-image-151\" srcset=\"https:\/\/fata-verso.ro\/wp-content\/uploads\/2020\/08\/Fata_Verso_S2_Ep4_Stefania_Oprina.jpg 999w, https:\/\/fata-verso.ro\/wp-content\/uploads\/2020\/08\/Fata_Verso_S2_Ep4_Stefania_Oprina-300x216.jpg 300w, https:\/\/fata-verso.ro\/wp-content\/uploads\/2020\/08\/Fata_Verso_S2_Ep4_Stefania_Oprina-768x554.jpg 768w\" sizes=\"(max-width: 999px) 100vw, 999px\" \/><\/figure>\n\n\n\n<p>\u0218tefania a citit:<\/p>\n\n\n\n<p><a rel=\"noreferrer noopener\" href=\"https:\/\/carturesti.ro\/carte\/open-o-autobiografie-55486\" target=\"_blank\"><em>Open. O Autobiografie<\/em><\/a>, de Andre Agassi, traducere de Paul Slayer Grigoriu, Ed. Publica<br><a rel=\"noreferrer noopener\" href=\"https:\/\/carturesti.ro\/carte\/jurnal-1935-1944-449559\" target=\"_blank\"><em>Jurnal. 1935-1944<\/em><\/a>&nbsp;de Mihai Sebastian, Ed. Humanitas<br><a rel=\"noreferrer noopener\" href=\"https:\/\/carturesti.ro\/carte\/in-miscare-1657693\" target=\"_blank\"><em>\u00cen mi\u0219care. O via\u021b\u0103<\/em><\/a>&nbsp;de Oliver Sacks, traducere de Miruna Fulgeanu, Ed. Humanitas<br><a rel=\"noreferrer noopener\" href=\"https:\/\/www.edituraseneca.ro\/c%C4%83r%C8%9Bi\/%C3%8Enc%C4%83-o-tur%C4%83-de-carusel-tiziano-terzani\" target=\"_blank\"><em>\u00cenc\u0103 o tur\u0103 de carusel<\/em><\/a>\u0219i&nbsp;<a rel=\"noreferrer noopener\" href=\"https:\/\/www.edituraseneca.ro\/c%C4%83r%C8%9Bi\/sf%C3%A2r%C8%99itul-mi-e-%C3%AEnceput-tiziano-terzani\" target=\"_blank\"><em>Sf\u00e2r\u0219itul mi-e \u00eenceput<\/em><\/a>&nbsp;de Tiziano Terzani, traducere de Elena Marina Loghin, Ed. Seneca<\/p>\n\n\n\n<p>Le recomand\u0103 antreprenorilor un \u00eent\u0103ritor:&nbsp;<a rel=\"noreferrer noopener\" href=\"https:\/\/www.edituraseneca.ro\/c%C4%83r%C8%9Bi\/stoicismul-azi-patrick-ussher\" target=\"_blank\"><em>Stoicismul azi<\/em><\/a>&nbsp;de Patrick Ussher, traducere de George Tudorie, Ed. Seneca, iar constructorilor din vecini:&nbsp;<a rel=\"noreferrer noopener\" href=\"https:\/\/carturesti.ro\/carte\/regele-diminetii-458556\" target=\"_blank\"><em>Regele dimine\u021bii<\/em><\/a>&nbsp;de Alexandru Mu\u0219ina, Ed. Tracus Arte.<\/p>\n","protected":false},"excerpt":{"rendered":"<p>Am vizitat-o pe \u0218tefania Oprina, gazd\u0103 \u0219i librar la Seneca Anticafe, care ne spune c\u00e2te ceva despre pa\u0219ii mici spre lecturi mari, provocarea \u201em\u0103slinistic\u0103\u201d, pu\u0219culi\u021ba &hellip; <span class=\"read-more-link\"><a class=\"read-more\" href=\"https:\/\/fata-verso.ro\/index.php\/2020\/05\/21\/vizite-la-domiciliu-4-stefania-oprina\/\">Read More &rsaquo;<\/a><\/span><\/p>\n","protected":false},"author":2,"featured_media":0,"comment_status":"open","ping_status":"open","sticky":false,"template":"","format":"standard","meta":{"_mi_skip_tracking":false},"categories":[5],"tags":[],"_links":{"self":[{"href":"https:\/\/fata-verso.ro\/index.php\/wp-json\/wp\/v2\/posts\/146"}],"collection":[{"href":"https:\/\/fata-verso.ro\/index.php\/wp-json\/wp\/v2\/posts"}],"about":[{"href":"https:\/\/fata-verso.ro\/index.php\/wp-json\/wp\/v2\/types\/post"}],"author":[{"embeddable":true,"href":"https:\/\/fata-verso.ro\/index.php\/wp-json\/wp\/v2\/users\/2"}],"replies":[{"embeddable":true,"href":"https:\/\/fata-verso.ro\/index.php\/wp-json\/wp\/v2\/comments?post=146"}],"version-history":[{"count":2,"href":"https:\/\/fata-verso.ro\/index.php\/wp-json\/wp\/v2\/posts\/146\/revisions"}],"predecessor-version":[{"id":248,"href":"https:\/\/fata-verso.ro\/index.php\/wp-json\/wp\/v2\/posts\/146\/revisions\/248"}],"wp:attachment":[{"href":"https:\/\/fata-verso.ro\/index.php\/wp-json\/wp\/v2\/media?parent=146"}],"wp:term":[{"taxonomy":"category","embeddable":true,"href":"https:\/\/fata-verso.ro\/index.php\/wp-json\/wp\/v2\/categories?post=146"},{"taxonomy":"post_tag","embeddable":true,"href":"https:\/\/fata-verso.ro\/index.php\/wp-json\/wp\/v2\/tags?post=146"}],"curies":[{"name":"wp","href":"https:\/\/api.w.org\/{rel}","templated":true}]}}