{"id":144,"date":"2019-09-25T13:59:26","date_gmt":"2019-09-25T13:59:26","guid":{"rendered":"http:\/\/simina.fastforward.ro\/?p=144"},"modified":"2020-08-17T18:11:56","modified_gmt":"2020-08-17T18:11:56","slug":"a-fost-odata-o-lansare","status":"publish","type":"post","link":"https:\/\/fata-verso.ro\/index.php\/2019\/09\/25\/a-fost-odata-o-lansare\/","title":{"rendered":"Episodul 6: A fost odat\u0103 o lansare"},"content":{"rendered":"\n<div class=\"wp-block-columns\">\n<div class=\"wp-block-column\" style=\"flex-basis:33.33%\">\n<figure class=\"wp-block-image size-large\"><img loading=\"lazy\" width=\"960\" height=\"960\" src=\"http:\/\/simina.fastforward.ro\/wp-content\/uploads\/2020\/08\/fata-verso.png\" alt=\"\" class=\"wp-image-147\" srcset=\"https:\/\/fata-verso.ro\/wp-content\/uploads\/2020\/08\/fata-verso.png 960w, https:\/\/fata-verso.ro\/wp-content\/uploads\/2020\/08\/fata-verso-300x300.png 300w, https:\/\/fata-verso.ro\/wp-content\/uploads\/2020\/08\/fata-verso-150x150.png 150w, https:\/\/fata-verso.ro\/wp-content\/uploads\/2020\/08\/fata-verso-768x768.png 768w, https:\/\/fata-verso.ro\/wp-content\/uploads\/2020\/08\/fata-verso-100x100.png 100w\" sizes=\"(max-width: 960px) 100vw, 960px\" \/><\/figure>\n<\/div>\n\n\n\n<div class=\"wp-block-column\" style=\"flex-basis:66.66%\">\n<p>A fost odat\u0103 \u2013 dar \u0219i o dat\u0103, 17 iulie 2019 \u2013 o lansare a unui podcast, la care lumea a venit binedispus\u0103, gata s\u0103 r\u0103spund\u0103 unor \u00eentreb\u0103ri fixe pentru r\u0103spunsuri mai pu\u021bin fixe. \u0218i chiar a r\u0103spuns. Am adunat \u00eentr-un episod special toate r\u0103spunsurile prietenilor care ne-au vizitat atunci \u0219i care, iat\u0103, v\u0103 vor vizita acum pe dumneavoastr\u0103, ascult\u0103torii. Mul\u021bumim tuturor!<\/p>\n<\/div>\n<\/div>\n\n\n\n<figure class=\"wp-block-audio\"><audio controls src=\"http:\/\/simina.fastforward.ro\/wp-content\/uploads\/2020\/08\/Ep-6_Lansare-sesiune-intrebari-final.mp3\"><\/audio><\/figure>\n\n\n\n<figure class=\"wp-block-image size-large\"><img loading=\"lazy\" width=\"1024\" height=\"683\" src=\"http:\/\/simina.fastforward.ro\/wp-content\/uploads\/2020\/08\/Lansare1-1024x683.jpg\" alt=\"\" class=\"wp-image-200\" srcset=\"https:\/\/fata-verso.ro\/wp-content\/uploads\/2020\/08\/Lansare1-1024x683.jpg 1024w, https:\/\/fata-verso.ro\/wp-content\/uploads\/2020\/08\/Lansare1-300x200.jpg 300w, https:\/\/fata-verso.ro\/wp-content\/uploads\/2020\/08\/Lansare1-768x512.jpg 768w, https:\/\/fata-verso.ro\/wp-content\/uploads\/2020\/08\/Lansare1-1536x1024.jpg 1536w, https:\/\/fata-verso.ro\/wp-content\/uploads\/2020\/08\/Lansare1.jpg 2048w\" sizes=\"(max-width: 1024px) 100vw, 1024px\" \/><\/figure>\n\n\n\n<figure class=\"wp-block-image size-large\"><img loading=\"lazy\" width=\"1024\" height=\"682\" src=\"http:\/\/simina.fastforward.ro\/wp-content\/uploads\/2020\/08\/Lansare2-1024x682.jpg\" alt=\"\" class=\"wp-image-201\" srcset=\"https:\/\/fata-verso.ro\/wp-content\/uploads\/2020\/08\/Lansare2-1024x682.jpg 1024w, https:\/\/fata-verso.ro\/wp-content\/uploads\/2020\/08\/Lansare2-300x200.jpg 300w, https:\/\/fata-verso.ro\/wp-content\/uploads\/2020\/08\/Lansare2-768x512.jpg 768w, https:\/\/fata-verso.ro\/wp-content\/uploads\/2020\/08\/Lansare2-1536x1023.jpg 1536w, https:\/\/fata-verso.ro\/wp-content\/uploads\/2020\/08\/Lansare2.jpg 2048w\" sizes=\"(max-width: 1024px) 100vw, 1024px\" \/><\/figure>\n\n\n\n<figure class=\"wp-block-image size-large\"><img loading=\"lazy\" width=\"1024\" height=\"683\" src=\"http:\/\/simina.fastforward.ro\/wp-content\/uploads\/2020\/08\/Lansare3-1024x683.jpg\" alt=\"\" class=\"wp-image-202\" srcset=\"https:\/\/fata-verso.ro\/wp-content\/uploads\/2020\/08\/Lansare3-1024x683.jpg 1024w, https:\/\/fata-verso.ro\/wp-content\/uploads\/2020\/08\/Lansare3-300x200.jpg 300w, https:\/\/fata-verso.ro\/wp-content\/uploads\/2020\/08\/Lansare3-768x512.jpg 768w, https:\/\/fata-verso.ro\/wp-content\/uploads\/2020\/08\/Lansare3-1536x1024.jpg 1536w, https:\/\/fata-verso.ro\/wp-content\/uploads\/2020\/08\/Lansare3.jpg 2048w\" sizes=\"(max-width: 1024px) 100vw, 1024px\" \/><\/figure>\n","protected":false},"excerpt":{"rendered":"<p>A fost odat\u0103 \u2013 dar \u0219i o dat\u0103, 17 iulie 2019 \u2013 o lansare a unui podcast, la care lumea a venit binedispus\u0103, gata s\u0103 &hellip; <span class=\"read-more-link\"><a class=\"read-more\" href=\"https:\/\/fata-verso.ro\/index.php\/2019\/09\/25\/a-fost-odata-o-lansare\/\">Read More &rsaquo;<\/a><\/span><\/p>\n","protected":false},"author":2,"featured_media":147,"comment_status":"open","ping_status":"open","sticky":false,"template":"","format":"standard","meta":{"_mi_skip_tracking":false},"categories":[3],"tags":[],"_links":{"self":[{"href":"https:\/\/fata-verso.ro\/index.php\/wp-json\/wp\/v2\/posts\/144"}],"collection":[{"href":"https:\/\/fata-verso.ro\/index.php\/wp-json\/wp\/v2\/posts"}],"about":[{"href":"https:\/\/fata-verso.ro\/index.php\/wp-json\/wp\/v2\/types\/post"}],"author":[{"embeddable":true,"href":"https:\/\/fata-verso.ro\/index.php\/wp-json\/wp\/v2\/users\/2"}],"replies":[{"embeddable":true,"href":"https:\/\/fata-verso.ro\/index.php\/wp-json\/wp\/v2\/comments?post=144"}],"version-history":[{"count":4,"href":"https:\/\/fata-verso.ro\/index.php\/wp-json\/wp\/v2\/posts\/144\/revisions"}],"predecessor-version":[{"id":204,"href":"https:\/\/fata-verso.ro\/index.php\/wp-json\/wp\/v2\/posts\/144\/revisions\/204"}],"wp:featuredmedia":[{"embeddable":true,"href":"https:\/\/fata-verso.ro\/index.php\/wp-json\/wp\/v2\/media\/147"}],"wp:attachment":[{"href":"https:\/\/fata-verso.ro\/index.php\/wp-json\/wp\/v2\/media?parent=144"}],"wp:term":[{"taxonomy":"category","embeddable":true,"href":"https:\/\/fata-verso.ro\/index.php\/wp-json\/wp\/v2\/categories?post=144"},{"taxonomy":"post_tag","embeddable":true,"href":"https:\/\/fata-verso.ro\/index.php\/wp-json\/wp\/v2\/tags?post=144"}],"curies":[{"name":"wp","href":"https:\/\/api.w.org\/{rel}","templated":true}]}}