{"id":120,"date":"2019-10-30T13:37:28","date_gmt":"2019-10-30T13:37:28","guid":{"rendered":"http:\/\/simina.fastforward.ro\/?p=120"},"modified":"2020-10-24T07:38:10","modified_gmt":"2020-10-24T07:38:10","slug":"episodul-9-martor-mi-e-dumnezeu-de-makis-tsitas-cu-andrei-aradits","status":"publish","type":"post","link":"https:\/\/fata-verso.ro\/index.php\/2019\/10\/30\/episodul-9-martor-mi-e-dumnezeu-de-makis-tsitas-cu-andrei-aradits\/","title":{"rendered":"Episodul 9: \u201eMartor mi-e Dumnezeu\u201d de Makis Tsitas, cu Andrei Aradits"},"content":{"rendered":"\n<p><strong>\u00cen Grecia, actorul Andrei Aradits merge de obicei \u00een vacan\u021b\u0103, s\u0103 uite de probleme. Dar dup\u0103 ce a citit \u201eMartor mi-e Dumnezeu\u201d a grecului Makis Tsitas (traducerea Claudiu Sfirschi-L\u0103udat, Editura ART, 2019), a dat de altele \u0219i mai \u0219i: profesii pe cale de dispari\u021bie, credite bancare \u0219i libidino\u0219i. Am stat de vorb\u0103, mai oft\u00e2nd, mai r\u00e2z\u00e2nd.&nbsp;<\/strong><\/p>\n\n\n\n<figure class=\"wp-block-audio\"><audio controls src=\"http:\/\/simina.fastforward.ro\/wp-content\/uploads\/2020\/08\/Ep-9-Makis-Tsitas.mp3\"><\/audio><\/figure>\n\n\n\n<p><\/p>\n\n\n\n<div class=\"wp-block-columns\">\n<div class=\"wp-block-column\" style=\"flex-basis:33.33%\">\n<figure class=\"wp-block-image size-large\"><img loading=\"lazy\" width=\"720\" height=\"975\" src=\"http:\/\/simina.fastforward.ro\/wp-content\/uploads\/2020\/08\/martor-mi-e-dumnezeu-cover_huge-1.jpg\" alt=\"\" class=\"wp-image-122\" srcset=\"https:\/\/fata-verso.ro\/wp-content\/uploads\/2020\/08\/martor-mi-e-dumnezeu-cover_huge-1.jpg 720w, https:\/\/fata-verso.ro\/wp-content\/uploads\/2020\/08\/martor-mi-e-dumnezeu-cover_huge-1-222x300.jpg 222w\" sizes=\"(max-width: 720px) 100vw, 720px\" \/><\/figure>\n<\/div>\n\n\n\n<div class=\"wp-block-column\" style=\"flex-basis:66.66%\">\n<p><strong>MAKIS TSITAS<\/strong>&nbsp;s-a n\u0103scut \u00een ora\u0219ul Yiannitsa, \u00een 1971. A studiat jurnalismul \u0219i a lucrat pentru c\u00e2teva posturi de radio din Salonic. Din 1994, tr\u0103ie\u0219te la Atena. \u00cen perioada 1994-2005, a fost editor \u0219ef pentru revista literar\u0103&nbsp;<em>Periplous<\/em>, iar \u00een perioada 2006-2011, a fost directorul periodicului literar&nbsp;<em>Index.&nbsp;<\/em>Din 2012 \u0219i p\u00e2n\u0103 \u00een prezent, este directorul celei mai importante platforme literare online din Grecia:&nbsp;<a href=\"https:\/\/diastixo.gr\/\">diastixo.gr<\/a>. Textele sale literare au fost incluse \u00een antologii \u0219i au fost publicate \u00een reviste \u0219i ziare din Grecia, unele dintre ele fiind traduse \u00een german\u0103, francez\u0103, spaniol\u0103, englez\u0103, ebraic\u0103, albanez\u0103, rom\u00e2n\u0103, bulgar\u0103, polonez\u0103 sau italian\u0103. C\u00e2teva dintre piesele sale de teatru au fost puse \u00een scen\u0103 de regizori cunoscu\u021bi, precum Roula Pateraki, Ersi Vasilikioti, Sophia Karagianni, Taru Makela sau Alexandru M\u00e2zg\u0103reanu (<a href=\"https:\/\/new.nottara.ro\/?act=stiri&amp;sid=213\">spectacol-lectur\u0103<\/a>&nbsp;la Teatrul Nottara din Bucure\u0219ti). Este, de asemenea, textier, versurile sale fiind puse pe muzic\u0103 de Giorgos Stavrianos, Takis Soukas \u0219i Tatiana Zografou. A publicat 24 de c\u0103r\u021bi pentru copii \u0219i trei pentru adul\u021bi. Romanul \u201e<a href=\"https:\/\/www.editura-art.ro\/info\/carte\/martor-mi-e-dumnezeu\">Martor mi-e Dumnezeu<\/a>\u201d a c\u00e2\u0219tigat, \u00een 2014, Premiul pentru Literatur\u0103 al Uniunii Europene \u0219i a fost tradus \u00een 12 limbi. Recent, a fost publicat \u00een limba rom\u00e2n\u0103, \u00een traducerea lui Claudiu Sfirschi-L\u0103udat, la Editura ART din Rom\u00e2nia.<\/p>\n<\/div>\n<\/div>\n\n\n\n<div class=\"wp-block-columns\">\n<div class=\"wp-block-column\" style=\"flex-basis:33.33%\">\n<figure class=\"wp-block-image size-large\"><img loading=\"lazy\" width=\"710\" height=\"1024\" src=\"http:\/\/simina.fastforward.ro\/wp-content\/uploads\/2020\/08\/Arady-710x1024.jpg\" alt=\"\" class=\"wp-image-125\" srcset=\"https:\/\/fata-verso.ro\/wp-content\/uploads\/2020\/08\/Arady-710x1024.jpg 710w, https:\/\/fata-verso.ro\/wp-content\/uploads\/2020\/08\/Arady-208x300.jpg 208w, https:\/\/fata-verso.ro\/wp-content\/uploads\/2020\/08\/Arady-768x1108.jpg 768w, https:\/\/fata-verso.ro\/wp-content\/uploads\/2020\/08\/Arady-1065x1536.jpg 1065w, https:\/\/fata-verso.ro\/wp-content\/uploads\/2020\/08\/Arady.jpg 1307w\" sizes=\"(max-width: 710px) 100vw, 710px\" \/><\/figure>\n<\/div>\n\n\n\n<div class=\"wp-block-column\" style=\"flex-basis:66.66%\">\n<p><strong>ANDREI ARADITS<\/strong>&nbsp;s-a n\u0103scut la Bucure\u0219ti, \u00een anul 1973, \u0219i este actor de film, teatru \u0219i&nbsp;televiziune. A absolvit Universitatea Na\u021bional\u0103 de Art\u0103 Teatral\u0103 \u0219i Cinematografic\u0103 \u201eIon Luca Caragiale\u201d din Bucure\u0219ti, \u00een 1996, la clasa profesorului Florin Zamfirescu. Andrei a jucat \u00een numeroase spectacole de teatru, pe mai multe scene bucure\u0219tene: Teatrul Evreiesc de Stat, unde a \u0219i debutat, Teatrul Bulandra sau TNB. Poate fi v\u0103zut \u0219i \u00een lungmetraje precum \u201eTat\u0103l fantom\u0103\u201d, \u201eBunraku\u201d, \u201eCenu\u0219\u0103 \u0219i s\u00e2nge\u201d \u2013 film prezentat \u00een afara competi\u021biei Festivalului de la Cannes din 2009 -, \u201eSlaughter\u201d, \u201eContratimp\u201d, \u201eRestul e t\u0103cere\u201d, \u201eGre\u0219eala din trecut\u201d, \u201eCapace\u201d sau \u00een seriale de televiziune precum \u201eMafalda di Savoia\u201d, \u201e\u00cen familie\u201d, \u201eEfect 30\u201d, \u201eNarcisa s\u0103lbatic\u0103\u201d. \u00cen prezent \u00eel pute\u021bi vedea \u00een serialul de televiziune \u201eVlad\u201d. Andrei este un fidel vizitator al Greciei.<\/p>\n<\/div>\n<\/div>\n\n\n\n<p>Un fragment din romanul&nbsp;\u201eMartor mi-e Dumnezeu\u201d, \u00een lectura actorului Gabriel R\u0103u\u021b\u0103:<\/p>\n\n\n\n<figure class=\"wp-block-audio\"><audio controls src=\"http:\/\/simina.fastforward.ro\/wp-content\/uploads\/2020\/08\/Pastila-ep-9-Makis-Tsitas.mp3\"><\/audio><\/figure>\n\n\n\n<p><\/p>\n\n\n\n<figure class=\"wp-block-image size-large\"><img loading=\"lazy\" width=\"720\" height=\"958\" src=\"http:\/\/simina.fastforward.ro\/wp-content\/uploads\/2020\/08\/Aradits.jpg\" alt=\"\" class=\"wp-image-205\" srcset=\"https:\/\/fata-verso.ro\/wp-content\/uploads\/2020\/08\/Aradits.jpg 720w, https:\/\/fata-verso.ro\/wp-content\/uploads\/2020\/08\/Aradits-225x300.jpg 225w\" sizes=\"(max-width: 720px) 100vw, 720px\" \/><\/figure>\n","protected":false},"excerpt":{"rendered":"<p>\u00cen Grecia, actorul Andrei Aradits merge de obicei \u00een vacan\u021b\u0103, s\u0103 uite de probleme. Dar dup\u0103 ce a citit \u201eMartor mi-e Dumnezeu\u201d a grecului Makis &hellip; <span class=\"read-more-link\"><a class=\"read-more\" href=\"https:\/\/fata-verso.ro\/index.php\/2019\/10\/30\/episodul-9-martor-mi-e-dumnezeu-de-makis-tsitas-cu-andrei-aradits\/\">Read More &rsaquo;<\/a><\/span><\/p>\n","protected":false},"author":2,"featured_media":122,"comment_status":"open","ping_status":"open","sticky":false,"template":"","format":"standard","meta":{"_mi_skip_tracking":false},"categories":[3],"tags":[],"_links":{"self":[{"href":"https:\/\/fata-verso.ro\/index.php\/wp-json\/wp\/v2\/posts\/120"}],"collection":[{"href":"https:\/\/fata-verso.ro\/index.php\/wp-json\/wp\/v2\/posts"}],"about":[{"href":"https:\/\/fata-verso.ro\/index.php\/wp-json\/wp\/v2\/types\/post"}],"author":[{"embeddable":true,"href":"https:\/\/fata-verso.ro\/index.php\/wp-json\/wp\/v2\/users\/2"}],"replies":[{"embeddable":true,"href":"https:\/\/fata-verso.ro\/index.php\/wp-json\/wp\/v2\/comments?post=120"}],"version-history":[{"count":5,"href":"https:\/\/fata-verso.ro\/index.php\/wp-json\/wp\/v2\/posts\/120\/revisions"}],"predecessor-version":[{"id":322,"href":"https:\/\/fata-verso.ro\/index.php\/wp-json\/wp\/v2\/posts\/120\/revisions\/322"}],"wp:featuredmedia":[{"embeddable":true,"href":"https:\/\/fata-verso.ro\/index.php\/wp-json\/wp\/v2\/media\/122"}],"wp:attachment":[{"href":"https:\/\/fata-verso.ro\/index.php\/wp-json\/wp\/v2\/media?parent=120"}],"wp:term":[{"taxonomy":"category","embeddable":true,"href":"https:\/\/fata-verso.ro\/index.php\/wp-json\/wp\/v2\/categories?post=120"},{"taxonomy":"post_tag","embeddable":true,"href":"https:\/\/fata-verso.ro\/index.php\/wp-json\/wp\/v2\/tags?post=120"}],"curies":[{"name":"wp","href":"https:\/\/api.w.org\/{rel}","templated":true}]}}