{"id":1014,"date":"2024-12-20T18:00:35","date_gmt":"2024-12-20T18:00:35","guid":{"rendered":"http:\/\/fata-verso.ro\/?p=1014"},"modified":"2024-12-20T18:14:34","modified_gmt":"2024-12-20T18:14:34","slug":"umbla-vorba-n-targ-scriitorii-la-gaudeamus","status":"publish","type":"post","link":"https:\/\/fata-verso.ro\/index.php\/2024\/12\/20\/umbla-vorba-n-targ-scriitorii-la-gaudeamus\/","title":{"rendered":"Umbl\u0103 vorba-n t\u00e2rg: scriitorii la Gaudeamus"},"content":{"rendered":"\n<figure class=\"wp-block-image size-large\"><img loading=\"lazy\" width=\"1024\" height=\"570\" src=\"http:\/\/fata-verso.ro\/wp-content\/uploads\/2024\/12\/logo-Fata-Verso-Obs-FB-cover-site.1-2-1024x570.jpeg\" alt=\"\" class=\"wp-image-1006\" srcset=\"https:\/\/fata-verso.ro\/wp-content\/uploads\/2024\/12\/logo-Fata-Verso-Obs-FB-cover-site.1-2-1024x570.jpeg 1024w, https:\/\/fata-verso.ro\/wp-content\/uploads\/2024\/12\/logo-Fata-Verso-Obs-FB-cover-site.1-2-300x167.jpeg 300w, https:\/\/fata-verso.ro\/wp-content\/uploads\/2024\/12\/logo-Fata-Verso-Obs-FB-cover-site.1-2-768x427.jpeg 768w, https:\/\/fata-verso.ro\/wp-content\/uploads\/2024\/12\/logo-Fata-Verso-Obs-FB-cover-site.1-2.jpeg 1186w\" sizes=\"(max-width: 1024px) 100vw, 1024px\" \/><\/figure>\n\n\n\n<figure class=\"wp-block-audio\"><audio controls src=\"https:\/\/fata-verso.ro\/wp-content\/uploads\/2024\/12\/FataVerso_S7_EP1_P2.mp3\"><\/audio><\/figure>\n\n\n\n<hr class=\"wp-block-separator\"\/>\n\n\n\n<p>Iat\u0103-ne ajun\u0219i \u0219i la <strong>partea a doua<\/strong> a podcastului \u00een care am luat pulsul T\u00e2rgului de Carte Gaudeamus. \u00cent\u00e2lnirile noastre cu traduc\u0103tori, scriitori \u0219i editori au fost \u00eent\u00e2mpl\u0103toare, \u00eens\u0103 noi le-am ordonat frumu\u0219el \u2014 c\u0103, deh, ne place ordinea \u2014, iar acum e r\u00e2ndul scriitorilor s\u0103 vorbeasc\u0103 la microfonul Fa\u021b\u0103\/Verso.<\/p>\n\n\n\n<p>Homari homerici, t\u0103vi spa\u021biale, tehnici de lectur\u0103 (cititul pe din\u0103untru, de exemplu), jurnale, tineri curio\u0219i de tehnica scrisului, foame de realitate, fotografi scriitori, nun\u021bi, botezuri \u0219i covrigi \u201eoverprized\u201d \u2014 un meniu bogat \u00een noul episod dedicat vorbei din t\u00e2rg. Ne-au r\u0103spuns scriitorii <strong>Carmen Tiderle, Florin Bican, Gabriela Adame\u0219teanu, Ciprian M\u0103ce\u0219aru <\/strong>\u0219i <strong>Raluca Nagy<\/strong>, c\u0103rora le mul\u021bumim c\u0103lduros, ho-ho-ho!<\/p>\n\n\n\n<p>Recomand\u0103ri de lectur\u0103:<\/p>\n\n\n\n<p><strong>Carmen Tiderle<\/strong>:&nbsp;<br>Carmen Tiderle, <em>Homarul Homer<\/em>, Editura Cartex &amp; Roberto Bola\u00f1o, <em>Nocturn\u0103 \u00een Chile<\/em>, traducere de Alina Cantacuzino, Editura Trei<\/p>\n\n\n\n<p><strong>Florin Bican<\/strong>:&nbsp;<br>Lewis Carroll, <em>Aventurile Alisei \u00een \u021aara Minunilor<\/em>, traducere de Florin Bican, Editura Arthur &amp; Goran Mraki\u0107, <em>Micile pl\u0103ceri ale mor\u021bii<\/em>, <em>Povestiri din garaj<\/em>, <em>Punk requiem<\/em>, Editura Nemira&nbsp;<\/p>\n\n\n\n<p><strong>Gabriela Adame\u0219teanu<\/strong>:&nbsp;<br>Cristina Hermezium, <em>Nickel<\/em>, Editura Cartier &amp; Paul Cornea, <em>Jurnal<\/em> (1933-2017), Editura Polirom<\/p>\n\n\n\n<p><strong>Ciprian M\u0103ce\u0219aru<\/strong>:&nbsp;<br><em>Ce pozne a mai f\u0103cut c\u0103\u021belul meu<\/em>, coordonator: Tatiana Niculescu, Editura Humanitas<\/p>\n\n\n\n<p><strong>Raluca Nagy<\/strong>:&nbsp;<br>Ruxandra Burcescu, <em>Instabil<\/em>, Editura Humanitas<\/p>\n\n\n\n<p>&#8211;<\/p>\n\n\n\n<p>Echipa de proiect:<\/p>\n\n\n\n<p>Simina Popa &amp; Claudiu Sfirschi-L\u0103udat &#8211; realizatori \u0219i gazde<br>Andrei Nechifor &#8211; editor de sunetEpisod realizat cu sus\u021binerea revistei \u201eObservator cultural\u201d.<br>fata-verso.ro<br>observatorcultural.ro<\/p>\n","protected":false},"excerpt":{"rendered":"<p>Iat\u0103-ne ajun\u0219i \u0219i la partea a doua a podcastului \u00een care am luat pulsul T\u00e2rgului de Carte Gaudeamus. \u00cent\u00e2lnirile noastre cu traduc\u0103tori, scriitori \u0219i editori &hellip; <span class=\"read-more-link\"><a class=\"read-more\" href=\"https:\/\/fata-verso.ro\/index.php\/2024\/12\/20\/umbla-vorba-n-targ-scriitorii-la-gaudeamus\/\">Read More &rsaquo;<\/a><\/span><\/p>\n","protected":false},"author":2,"featured_media":1006,"comment_status":"open","ping_status":"open","sticky":false,"template":"","format":"standard","meta":{"_mi_skip_tracking":false},"categories":[23],"tags":[24,25,26],"_links":{"self":[{"href":"https:\/\/fata-verso.ro\/index.php\/wp-json\/wp\/v2\/posts\/1014"}],"collection":[{"href":"https:\/\/fata-verso.ro\/index.php\/wp-json\/wp\/v2\/posts"}],"about":[{"href":"https:\/\/fata-verso.ro\/index.php\/wp-json\/wp\/v2\/types\/post"}],"author":[{"embeddable":true,"href":"https:\/\/fata-verso.ro\/index.php\/wp-json\/wp\/v2\/users\/2"}],"replies":[{"embeddable":true,"href":"https:\/\/fata-verso.ro\/index.php\/wp-json\/wp\/v2\/comments?post=1014"}],"version-history":[{"count":4,"href":"https:\/\/fata-verso.ro\/index.php\/wp-json\/wp\/v2\/posts\/1014\/revisions"}],"predecessor-version":[{"id":1019,"href":"https:\/\/fata-verso.ro\/index.php\/wp-json\/wp\/v2\/posts\/1014\/revisions\/1019"}],"wp:featuredmedia":[{"embeddable":true,"href":"https:\/\/fata-verso.ro\/index.php\/wp-json\/wp\/v2\/media\/1006"}],"wp:attachment":[{"href":"https:\/\/fata-verso.ro\/index.php\/wp-json\/wp\/v2\/media?parent=1014"}],"wp:term":[{"taxonomy":"category","embeddable":true,"href":"https:\/\/fata-verso.ro\/index.php\/wp-json\/wp\/v2\/categories?post=1014"},{"taxonomy":"post_tag","embeddable":true,"href":"https:\/\/fata-verso.ro\/index.php\/wp-json\/wp\/v2\/tags?post=1014"}],"curies":[{"name":"wp","href":"https:\/\/api.w.org\/{rel}","templated":true}]}}