{"id":3,"count":11,"description":"Doi cititori binedispu\u0219i \u2013 Simina Popa \u0219i Claudiu Sfirschi-L\u0103udat \u2013 discut\u0103 despre c\u0103r\u021bi de fic\u021biune proasp\u0103t publicate cu invita\u021bi care mai de care: scriitori, traduc\u0103tori, actori \u0219i alt\u0103 lume bun\u0103. V\u0103 pute\u021bi retrage astfel departe de zgomotele lumii, pentru a auzi vocea c\u0103r\u021bilor \u2013 \u0219i c\u00e2teva chicoteli. Sunte\u021bi gata? Cartea abia a\u0219teapt\u0103 s\u0103 v\u0103 vorbeasc\u0103.\r\n\r\nEchipa proiectului Fa\u021b\u0103\/Verso:\r\nSimina Popa \u0219i Claudiu Sfirschi-L\u0103udat \u2014 gazdele proiectului\r\nTudori\u021ba \u0218old\u0103nescu \u2014 manager de proiect\r\nAna Niculescu \u2014 responsabil de promovare \u0219i comunicare\r\nAndrei Nechifor \u2014 editor de sunet\r\nCristina Ni\u021bu \u2014 gazda proiectului\r\nAndrei Busuioc \u2013 graphic &amp; web designer\r\nKadna \u2014 concept grafic &amp; DTP\r\n\r\nProiect g\u0103zduit de Asocia\u021bia Fala Portugu\u00eas!, \u00een parteneriat cu Libr\u0103riile C\u0103rture\u0219ti\r\nProiect cultural cofinan\u021bat de Administra\u021bia Fondului Cultural Na\u021bional. ","link":"https:\/\/fata-verso.ro\/index.php\/category\/sezonul-1\/","name":"Sezonul 1","slug":"sezonul-1","taxonomy":"category","parent":0,"meta":[],"_links":{"self":[{"href":"https:\/\/fata-verso.ro\/index.php\/wp-json\/wp\/v2\/categories\/3"}],"collection":[{"href":"https:\/\/fata-verso.ro\/index.php\/wp-json\/wp\/v2\/categories"}],"about":[{"href":"https:\/\/fata-verso.ro\/index.php\/wp-json\/wp\/v2\/taxonomies\/category"}],"wp:post_type":[{"href":"https:\/\/fata-verso.ro\/index.php\/wp-json\/wp\/v2\/posts?categories=3"}],"curies":[{"name":"wp","href":"https:\/\/api.w.org\/{rel}","templated":true}]}}