{"id":16,"count":4,"description":"Un mini-sezon despre autori polonezi tradu\u0219i \u00een limba rom\u00e2n\u0103, realizat cu sprijinul Institutului Polonez din Bucure\u0219ti.\r\nDzi\u0119ki!","link":"https:\/\/fata-verso.ro\/index.php\/category\/sezonul-5\/","name":"Sezonul 5","slug":"sezonul-5","taxonomy":"category","parent":0,"meta":[],"_links":{"self":[{"href":"https:\/\/fata-verso.ro\/index.php\/wp-json\/wp\/v2\/categories\/16"}],"collection":[{"href":"https:\/\/fata-verso.ro\/index.php\/wp-json\/wp\/v2\/categories"}],"about":[{"href":"https:\/\/fata-verso.ro\/index.php\/wp-json\/wp\/v2\/taxonomies\/category"}],"wp:post_type":[{"href":"https:\/\/fata-verso.ro\/index.php\/wp-json\/wp\/v2\/posts?categories=16"}],"curies":[{"name":"wp","href":"https:\/\/api.w.org\/{rel}","templated":true}]}}