{"id":353,"date":"2020-11-10T13:52:50","date_gmt":"2020-11-10T13:52:50","guid":{"rendered":"http:\/\/fata-verso.ro\/?p=353"},"modified":"2021-03-25T09:05:00","modified_gmt":"2021-03-25T09:05:00","slug":"sezonul-b-critic-ep-4-alexandra-pazgu","status":"publish","type":"post","link":"http:\/\/fata-verso.ro\/index.php\/2020\/11\/10\/sezonul-b-critic-ep-4-alexandra-pazgu\/","title":{"rendered":"Sezonul B-critic: ep. 4 \u2014 Alexandra P\u00e2zgu"},"content":{"rendered":"\n<figure class=\"wp-block-audio\"><audio controls src=\"http:\/\/fata-verso.ro\/wp-content\/uploads\/2020\/11\/Sezonul-B-Critic_Ep-4_Alexandra-Pazgu.mp3\"><\/audio><\/figure>\n\n\n\n<p><strong>Cu Alexandra P\u00e2zgu, despre diferen\u021ba dintre dramaturgi \u0219i autori dramatici, t\u0103r\u00e2mul magic al crea\u021biei dintre teorie \u0219i practic\u0103 \u0219i r\u0103spunsuri nea\u0219teptate.<\/strong><\/p>\n\n\n\n<p>Fragmentele audio folosite \u00een podcast fac parte din:<br><em>Supernove<\/em>&nbsp;de Alexandra P\u00e2zgu<br>regia: Radu Nica<br>compozitor: Vlaicu Golcea<br>Compania \u201eLiviu Rebreanu\u201c a Teatrului Na\u0163ional T\u00e2rgu-Mure\u015f<br>\u0219i<br><em>Proteine fluorescente<\/em>&nbsp;de Alexandra P\u00e2zgu<br>Regia: Leta Popescu<br>sound:&nbsp;Mihai Mo\u0219<br>Reactor de crea\u021bie \u0219i experiment, Cluj-Napoca<\/p>\n\n\n\n<p>Mul\u021bumiri Alexandrei P\u00e2zgu pentru c\u0103 ne-a pus la dispozi\u021bie materialul audio din piese.<\/p>\n\n\n\n<figure class=\"wp-block-embed is-type-wp-embed is-provider-b-critic wp-block-embed-b-critic\"><div class=\"wp-block-embed__wrapper\">\n<blockquote class=\"wp-embedded-content\" data-secret=\"fQ3ZAqukjs\"><a href=\"https:\/\/www.b-critic.ro\/spectacol\/teatru\/portret-alexandra-pazgu\/\">Portret Alexandra P\u00e2zgu<\/a><\/blockquote><iframe class=\"wp-embedded-content\" sandbox=\"allow-scripts\" security=\"restricted\" style=\"position: absolute; clip: rect(1px, 1px, 1px, 1px);\" title=\"&#8222;Portret Alexandra P\u00e2zgu&#8221; &#8212; B-Critic\" src=\"https:\/\/www.b-critic.ro\/spectacol\/teatru\/portret-alexandra-pazgu\/embed\/#?secret=fQ3ZAqukjs\" data-secret=\"fQ3ZAqukjs\" width=\"600\" height=\"338\" frameborder=\"0\" marginwidth=\"0\" marginheight=\"0\" scrolling=\"no\"><\/iframe>\n<\/div><\/figure>\n\n\n\n<p>Podcastul a fost realizat cu sprijinul&nbsp;<a rel=\"noreferrer noopener\" href=\"https:\/\/www.bmeia.gv.at\/ro\/forumul-cultural-austriac-bucuresti\/\" target=\"_blank\"><strong>Forumului Cultural Austriac<\/strong><\/a>&nbsp;Bucure\u0219ti.<\/p>\n\n\n\n<p>***<br><em>Sezonul B-critic este dedicat dramaturgilor rom\u00e2ni contemporani \u0219i&nbsp; este realizat \u00een colaborare cu platforma cultural\u0103 b-critic.ro, cu sprijinul Libr\u0103riilor C\u0103rture\u0219ti.<br>V\u0103 invit\u0103m pe pagina b-critic.ro pentru a citi dosarul complet dedicat fiec\u0103rui dramaturg \u00een parte.<\/em><\/p>\n","protected":false},"excerpt":{"rendered":"<p>Cu Alexandra P\u00e2zgu, despre diferen\u021ba dintre dramaturgi \u0219i autori dramatici, t\u0103r\u00e2mul magic al crea\u021biei dintre teorie \u0219i practic\u0103 \u0219i r\u0103spunsuri nea\u0219teptate. Fragmentele audio folosite \u00een &hellip; <span class=\"read-more-link\"><a class=\"read-more\" href=\"http:\/\/fata-verso.ro\/index.php\/2020\/11\/10\/sezonul-b-critic-ep-4-alexandra-pazgu\/\">Read More &rsaquo;<\/a><\/span><\/p>\n","protected":false},"author":2,"featured_media":355,"comment_status":"open","ping_status":"open","sticky":false,"template":"","format":"standard","meta":{"_mi_skip_tracking":false},"categories":[7],"tags":[],"_links":{"self":[{"href":"http:\/\/fata-verso.ro\/index.php\/wp-json\/wp\/v2\/posts\/353"}],"collection":[{"href":"http:\/\/fata-verso.ro\/index.php\/wp-json\/wp\/v2\/posts"}],"about":[{"href":"http:\/\/fata-verso.ro\/index.php\/wp-json\/wp\/v2\/types\/post"}],"author":[{"embeddable":true,"href":"http:\/\/fata-verso.ro\/index.php\/wp-json\/wp\/v2\/users\/2"}],"replies":[{"embeddable":true,"href":"http:\/\/fata-verso.ro\/index.php\/wp-json\/wp\/v2\/comments?post=353"}],"version-history":[{"count":3,"href":"http:\/\/fata-verso.ro\/index.php\/wp-json\/wp\/v2\/posts\/353\/revisions"}],"predecessor-version":[{"id":415,"href":"http:\/\/fata-verso.ro\/index.php\/wp-json\/wp\/v2\/posts\/353\/revisions\/415"}],"wp:featuredmedia":[{"embeddable":true,"href":"http:\/\/fata-verso.ro\/index.php\/wp-json\/wp\/v2\/media\/355"}],"wp:attachment":[{"href":"http:\/\/fata-verso.ro\/index.php\/wp-json\/wp\/v2\/media?parent=353"}],"wp:term":[{"taxonomy":"category","embeddable":true,"href":"http:\/\/fata-verso.ro\/index.php\/wp-json\/wp\/v2\/categories?post=353"},{"taxonomy":"post_tag","embeddable":true,"href":"http:\/\/fata-verso.ro\/index.php\/wp-json\/wp\/v2\/tags?post=353"}],"curies":[{"name":"wp","href":"https:\/\/api.w.org\/{rel}","templated":true}]}}